{"id":9474,"date":"2026-04-28T17:31:23","date_gmt":"2026-04-28T17:31:23","guid":{"rendered":"https:\/\/friburgonoticias.com.br\/temp\/2026\/04\/28\/governo-do-estado-exonera-mais-183-comissionados-e-faxina-no-executivo-ja-ultrapassa-800-demissoes\/"},"modified":"2026-04-28T17:31:23","modified_gmt":"2026-04-28T17:31:23","slug":"governo-do-estado-exonera-mais-183-comissionados-e-faxina-no-executivo-ja-ultrapassa-800-demissoes","status":"publish","type":"post","link":"https:\/\/friburgonoticias.com.br\/temp\/2026\/04\/28\/governo-do-estado-exonera-mais-183-comissionados-e-faxina-no-executivo-ja-ultrapassa-800-demissoes\/","title":{"rendered":"Governo do estado exonera mais 183 comissionados e &#8216;faxina no Executivo&#8217; j\u00e1 ultrapassa 800 demiss\u00f5es"},"content":{"rendered":"<p><\/p>\n<div itemprop=\"articleBody\">\nO governo do estado promoveu mais uma rodada de exonera\u00e7\u00f5es de servidores comissionados nesta ter\u00e7a-feira (28), com 183 demiss\u00f5es publicadas no Di\u00e1rio Oficial. A medida faz parte da \u201cfaxina administrativa\u201d conduzida pelo governador exerc\u00edcio, o desembargador Ricardo Couto, que j\u00e1 acumula mais de 800 desligamentos em pouco mais de um m\u00eas.<\/p>\n<p>As exonera\u00e7\u00f5es do dia foram assinadas pelo <a href=\"https:\/\/temporealrj.com\/flavio-willeman-casa-civil\/\">novo secret\u00e1rio da Casa Civil nomeado por Couto, o procurador Fl\u00e1vio Willeman<\/a>.<\/p>\n<p>A pr\u00f3pria Casa Civil foi a mais impactada nesta leva, com 92 exonera\u00e7\u00f5es em cargos de diversos n\u00edveis hier\u00e1rquicos. Tamb\u00e9m houve a anula\u00e7\u00e3o da nomea\u00e7\u00e3o de tr\u00eas servidores.<\/p>\n<p>Na sequ\u00eancia, a Secretaria de Estado de Governo do Rio de Janeiro aparece novamente entre as mais atingidas, com 76 desligamentos. A maior parte dos atos tem efeito retroativo ao dia 22 de abril.<\/p>\n<h2 class=\"wp-block-heading\">Cortes em cargos comissionados alcan\u00e7am autarquias, como Detran e Procon<\/h2>\n<p>A ofensiva n\u00e3o ficou restrita \u00e0s secretarias. Sob coordena\u00e7\u00e3o da Casa Civil, os cortes de funcion\u00e1rios comissionados tamb\u00e9m chegaram a \u00f3rg\u00e3os da administra\u00e7\u00e3o indireta, com baixas no Detran-RJ, no Procon-RJ, na Funda\u00e7\u00e3o Le\u00e3o XIII e no Arquivo P\u00fablico do Estado.<\/p>\n<p>No Gabinete de Seguran\u00e7a Institucional, as mudan\u00e7as foram pontuais, com novas nomea\u00e7\u00f5es para a \u00e1rea de gerenciamento de risco.<\/p>\n<p>J\u00e1 na Controladoria Geral do Estado, houve remanejamentos internos, especialmente na gest\u00e3o de pessoas e nas corregedorias.<\/p>\n<p>A reestrutura\u00e7\u00e3o tamb\u00e9m alcan\u00e7ou cargos de maior peso. Nas secretarias de Turismo e de Transforma\u00e7\u00e3o Digital, houve exonera\u00e7\u00f5es que atingiram chefias de gabinete e fun\u00e7\u00f5es estrat\u00e9gicas.<\/p>\n<div class=\"wp-block-image\">\n<figure class=\"aligncenter size-full\"><img loading=\"lazy\" decoding=\"async\" width=\"241\" height=\"437\" src=\"https:\/\/temporealrj.com\/wp-content\/uploads\/2026\/04\/afc38317-1df6-4e93-b6c0-04bde09cf9ad.jpg\" alt=\"afc38317 1df6 4e93 b6c0 04bde09cf9ad\" class=\"wp-image-131136\" title=\"Governo do estado exonera mais 183 comissionados e 'faxina no Executivo' j\u00e1 ultrapassa 800 demiss\u00f5es 62\" srcset=\"https:\/\/temporealrj.com\/wp-content\/uploads\/2026\/04\/afc38317-1df6-4e93-b6c0-04bde09cf9ad.jpg 241w, https:\/\/temporealrj.com\/wp-content\/uploads\/2026\/04\/afc38317-1df6-4e93-b6c0-04bde09cf9ad-165x300.jpg 165w\" sizes=\"auto, (max-width: 241px) 100vw, 241px\"\/><\/figure>\n<\/div>\n<p><em>COM F\u00c1BIO MARTINS<\/em>\n<\/div>\n<p><\/a><\/p>\n<p>Fonte: temporealrj.com<\/p>\n","protected":false},"excerpt":{"rendered":"<p>O governo do estado promoveu mais uma rodada de exonera\u00e7\u00f5es de servidores comissionados nesta ter\u00e7a-feira (28), com 183 demiss\u00f5es publicadas no Di\u00e1rio Oficial. A medida faz parte da \u201cfaxina administrativa\u201d conduzida pelo governador exerc\u00edcio, o desembargador Ricardo Couto, que j\u00e1 acumula mais de 800 desligamentos em pouco mais de um m\u00eas. As exonera\u00e7\u00f5es do dia [&hellip;]<\/p>\n","protected":false},"author":3,"featured_media":9475,"comment_status":"open","ping_status":"open","sticky":false,"template":"","format":"standard","meta":{"advanced_seo_description":"","jetpack_seo_html_title":"","jetpack_seo_noindex":false,"fifu_image_url":"https:\/\/temporealrj.com\/wp-content\/uploads\/2025\/07\/mg_8465-scaled-e1753798568181.jpg","fifu_image_alt":"","_jetpack_memberships_contains_paid_content":false,"footnotes":"","jetpack_publicize_message":"","jetpack_publicize_feature_enabled":true,"jetpack_social_post_already_shared":true,"jetpack_social_options":{"image_generator_settings":{"template":"highway","default_image_id":0,"font":"","enabled":false},"version":2}},"categories":[107],"tags":[],"class_list":{"0":"post-9474","1":"post","2":"type-post","3":"status-publish","4":"format-standard","5":"has-post-thumbnail","7":"category-economia"},"jetpack_publicize_connections":[],"jetpack_featured_media_url":"https:\/\/i0.wp.com\/temporealrj.com\/wp-content\/uploads\/2025\/07\/mg_8465-scaled-e1753798568181.jpg?fit=%2C&ssl=1","jetpack_sharing_enabled":true,"jetpack-related-posts":[],"_links":{"self":[{"href":"https:\/\/friburgonoticias.com.br\/temp\/wp-json\/wp\/v2\/posts\/9474","targetHints":{"allow":["GET"]}}],"collection":[{"href":"https:\/\/friburgonoticias.com.br\/temp\/wp-json\/wp\/v2\/posts"}],"about":[{"href":"https:\/\/friburgonoticias.com.br\/temp\/wp-json\/wp\/v2\/types\/post"}],"author":[{"embeddable":true,"href":"https:\/\/friburgonoticias.com.br\/temp\/wp-json\/wp\/v2\/users\/3"}],"replies":[{"embeddable":true,"href":"https:\/\/friburgonoticias.com.br\/temp\/wp-json\/wp\/v2\/comments?post=9474"}],"version-history":[{"count":0,"href":"https:\/\/friburgonoticias.com.br\/temp\/wp-json\/wp\/v2\/posts\/9474\/revisions"}],"wp:featuredmedia":[{"embeddable":true,"href":"https:\/\/friburgonoticias.com.br\/temp\/wp-json\/wp\/v2\/media\/9475"}],"wp:attachment":[{"href":"https:\/\/friburgonoticias.com.br\/temp\/wp-json\/wp\/v2\/media?parent=9474"}],"wp:term":[{"taxonomy":"category","embeddable":true,"href":"https:\/\/friburgonoticias.com.br\/temp\/wp-json\/wp\/v2\/categories?post=9474"},{"taxonomy":"post_tag","embeddable":true,"href":"https:\/\/friburgonoticias.com.br\/temp\/wp-json\/wp\/v2\/tags?post=9474"}],"curies":[{"name":"wp","href":"https:\/\/api.w.org\/{rel}","templated":true}]}}