{"id":9518,"date":"2026-04-29T13:02:26","date_gmt":"2026-04-29T13:02:26","guid":{"rendered":"https:\/\/friburgonoticias.com.br\/temp\/2026\/04\/29\/ricardo-couto-volta-a-alterar-estrutura-da-casa-civil-e-reforca-areas-de-eventos-e-relacoes-internacionais\/"},"modified":"2026-04-29T13:02:26","modified_gmt":"2026-04-29T13:02:26","slug":"ricardo-couto-volta-a-alterar-estrutura-da-casa-civil-e-reforca-areas-de-eventos-e-relacoes-internacionais","status":"publish","type":"post","link":"https:\/\/friburgonoticias.com.br\/temp\/2026\/04\/29\/ricardo-couto-volta-a-alterar-estrutura-da-casa-civil-e-reforca-areas-de-eventos-e-relacoes-internacionais\/","title":{"rendered":"Ricardo Couto volta a alterar estrutura da Casa Civil e refor\u00e7a \u00e1reas de Eventos e Rela\u00e7\u00f5es Internacionais"},"content":{"rendered":"<p><\/p>\n<div itemprop=\"articleBody\">\nO governador em exerc\u00edcio do Rio, Ricardo Couto, continua seu projeto de <a href=\"https:\/\/temporealrj.com\/couto-casa-civil-rioprevidencia\/\">reforma interna da Casa Civil estadual<\/a>. Nesta quarta (29), foi a vez de \u00e1reas dedicadas a Eventos e Rela\u00e7\u00f5es Internacionais. Em novo decreto, o desembargador promoveu setores de assessoria a subsecretarias e transferiu a responsabilidade por pastas internas.<\/p>\n<p>A principal mudan\u00e7a aconteceu na Subsecretaria Geral da <a href=\"https:\/\/temporealrj.com\/governo-rj-327-exoneracoes-48h-casa-civil-alvo\/\">Casa Civil<\/a>, que passa a centralizar ainda mais a opera\u00e7\u00e3o da pasta. As subsecretarias de Comunica\u00e7\u00e3o Social, Concess\u00f5es e Parcerias, Pol\u00edticas Inclusivas est\u00e3o no \u201cguarda-chuva\u201d da Subsecretaria Geral.<\/p>\n<p>Al\u00e9m disso, o decreto tamb\u00e9m determina que o titular da Subsecretaria Geral passa a ser o substituto oficial do Secret\u00e1rio de Estado em caso de aus\u00eancia.<\/p>\n<h2 class=\"wp-block-heading\">Pasta dedicada a grandes eventos deixa gabinete do governador e passa a integrar Casa Civil<\/h2>\n<p>Outra mudan\u00e7a assinada por Ricardo Couto nesta quarta envolve a Subsecretaria de Grandes Eventos, que tamb\u00e9m \u00e9 respons\u00e1vel pelas a\u00e7\u00f5es de promo\u00e7\u00e3o do Governo. A pasta era vinculada diretamente ao Gabinete do Governador, mas, a partir de agora, passa a integrar a Casa Civil.<\/p>\n<p>Os setores internos dedicados a Rela\u00e7\u00f5es Internacionais e Assessoria Jur\u00eddica foram \u201cpromovidos\u201d \u00e0s subsecretarias. Duas novas unidades adjuntas foram criadas sob o comando geral: uma para avalia\u00e7\u00e3o da execu\u00e7\u00e3o or\u00e7ament\u00e1ria e outra para coordena\u00e7\u00e3o e intelig\u00eancia institucional.<\/p>\n<p>No setor de log\u00edstica e economia, a Subsecretaria de Gest\u00e3o Portu\u00e1ria e Atividades Navais (Subpan) deixou a Casa Civil e foi transferida para a Secretaria de Estado de Energia e Economia do Mar.<\/p>\n<p>Junto ao decreto, Ricardo Couto tamb\u00e9m assinou, na \u00faltima edi\u00e7\u00e3o do Di\u00e1rio Oficial, a exonera\u00e7\u00e3o e renomea\u00e7\u00e3o imediata dos servidores comissionados das \u00e1reas afetadas.<\/p>\n<p>A Casa Civil foi a secretaria mais afetada pela <a href=\"https:\/\/temporealrj.com\/exoneracoes-comissionados-ultrapassam-800\/\">sequ\u00eancia de exonera\u00e7\u00f5es<\/a> que o governador em exerc\u00edcio iniciou em abril. Ele tamb\u00e9m fez mudan\u00e7as diretas no comando da pasta, <a href=\"https:\/\/temporealrj.com\/flavio-willeman-casa-civil\/\">que passou a ser comandada, na semana passada, pelo procurador do estado Fl\u00e1vio Willeman<\/a>, por nomea\u00e7\u00e3o de Couto.<\/p>\n<div class=\"wp-block-image\">\n<figure class=\"aligncenter size-full\"><img loading=\"lazy\" decoding=\"async\" width=\"490\" height=\"581\" src=\"https:\/\/temporealrj.com\/wp-content\/uploads\/2026\/04\/WhatsApp-Image-2026-04-29-at-08.48.33.jpeg\" alt=\"WhatsApp Image 2026 04 29 at 08.48.33\" class=\"wp-image-131524\" title=\"Ricardo Couto volta a alterar estrutura da Casa Civil e refor\u00e7a \u00e1reas de Eventos e Rela\u00e7\u00f5es Internacionais 62\" srcset=\"https:\/\/temporealrj.com\/wp-content\/uploads\/2026\/04\/WhatsApp-Image-2026-04-29-at-08.48.33.jpeg 490w, https:\/\/temporealrj.com\/wp-content\/uploads\/2026\/04\/WhatsApp-Image-2026-04-29-at-08.48.33-253x300.jpeg 253w\" sizes=\"auto, (max-width: 490px) 100vw, 490px\"\/><\/figure>\n<\/div>\n<div class=\"wp-block-image\">\n<figure class=\"aligncenter size-full\"><img loading=\"lazy\" decoding=\"async\" width=\"453\" height=\"522\" src=\"https:\/\/temporealrj.com\/wp-content\/uploads\/2026\/04\/WhatsApp-Image-2026-04-29-at-08.48.33-1.jpeg\" alt=\"WhatsApp Image 2026 04 29 at 08.48.33 1\" class=\"wp-image-131525\" title=\"Ricardo Couto volta a alterar estrutura da Casa Civil e refor\u00e7a \u00e1reas de Eventos e Rela\u00e7\u00f5es Internacionais 63\" srcset=\"https:\/\/temporealrj.com\/wp-content\/uploads\/2026\/04\/WhatsApp-Image-2026-04-29-at-08.48.33-1.jpeg 453w, https:\/\/temporealrj.com\/wp-content\/uploads\/2026\/04\/WhatsApp-Image-2026-04-29-at-08.48.33-1-260x300.jpeg 260w\" sizes=\"auto, (max-width: 453px) 100vw, 453px\"\/><\/figure>\n<\/div>\n<div class=\"wp-block-image\">\n<figure class=\"aligncenter size-full\"><img loading=\"lazy\" decoding=\"async\" width=\"453\" height=\"352\" src=\"https:\/\/temporealrj.com\/wp-content\/uploads\/2026\/04\/WhatsApp-Image-2026-04-29-at-08.48.33-2.jpeg\" alt=\"WhatsApp Image 2026 04 29 at 08.48.33 2\" class=\"wp-image-131526\" title=\"Ricardo Couto volta a alterar estrutura da Casa Civil e refor\u00e7a \u00e1reas de Eventos e Rela\u00e7\u00f5es Internacionais 64\" srcset=\"https:\/\/temporealrj.com\/wp-content\/uploads\/2026\/04\/WhatsApp-Image-2026-04-29-at-08.48.33-2.jpeg 453w, https:\/\/temporealrj.com\/wp-content\/uploads\/2026\/04\/WhatsApp-Image-2026-04-29-at-08.48.33-2-300x233.jpeg 300w\" sizes=\"auto, (max-width: 453px) 100vw, 453px\"\/><\/figure>\n<\/div>\n<div class=\"wp-block-image\">\n<figure class=\"aligncenter size-large\"><img loading=\"lazy\" decoding=\"async\" width=\"1024\" height=\"97\" src=\"https:\/\/temporealrj.com\/wp-content\/uploads\/2026\/04\/WhatsApp-Image-2026-04-29-at-08.48.33-3-1024x97.jpeg\" alt=\"WhatsApp Image 2026 04 29 at 08.48.33 3\" class=\"wp-image-131527\" title=\"Ricardo Couto volta a alterar estrutura da Casa Civil e refor\u00e7a \u00e1reas de Eventos e Rela\u00e7\u00f5es Internacionais 65\" srcset=\"https:\/\/temporealrj.com\/wp-content\/uploads\/2026\/04\/WhatsApp-Image-2026-04-29-at-08.48.33-3-1024x97.jpeg 1024w, https:\/\/temporealrj.com\/wp-content\/uploads\/2026\/04\/WhatsApp-Image-2026-04-29-at-08.48.33-3-300x28.jpeg 300w, https:\/\/temporealrj.com\/wp-content\/uploads\/2026\/04\/WhatsApp-Image-2026-04-29-at-08.48.33-3-768x72.jpeg 768w, https:\/\/temporealrj.com\/wp-content\/uploads\/2026\/04\/WhatsApp-Image-2026-04-29-at-08.48.33-3-860x81.jpeg 860w, https:\/\/temporealrj.com\/wp-content\/uploads\/2026\/04\/WhatsApp-Image-2026-04-29-at-08.48.33-3.jpeg 1346w\" sizes=\"auto, (max-width: 1024px) 100vw, 1024px\"\/><\/figure>\n<\/div>\n<div class=\"wp-block-image\">\n<figure class=\"aligncenter size-large\"><img loading=\"lazy\" decoding=\"async\" width=\"1024\" height=\"221\" src=\"https:\/\/temporealrj.com\/wp-content\/uploads\/2026\/04\/WhatsApp-Image-2026-04-29-at-08.48.33-4-1024x221.jpeg\" alt=\"WhatsApp Image 2026 04 29 at 08.48.33 4\" class=\"wp-image-131528\" title=\"Ricardo Couto volta a alterar estrutura da Casa Civil e refor\u00e7a \u00e1reas de Eventos e Rela\u00e7\u00f5es Internacionais 66\" srcset=\"https:\/\/temporealrj.com\/wp-content\/uploads\/2026\/04\/WhatsApp-Image-2026-04-29-at-08.48.33-4-1024x221.jpeg 1024w, https:\/\/temporealrj.com\/wp-content\/uploads\/2026\/04\/WhatsApp-Image-2026-04-29-at-08.48.33-4-300x65.jpeg 300w, https:\/\/temporealrj.com\/wp-content\/uploads\/2026\/04\/WhatsApp-Image-2026-04-29-at-08.48.33-4-768x166.jpeg 768w, https:\/\/temporealrj.com\/wp-content\/uploads\/2026\/04\/WhatsApp-Image-2026-04-29-at-08.48.33-4-860x186.jpeg 860w, https:\/\/temporealrj.com\/wp-content\/uploads\/2026\/04\/WhatsApp-Image-2026-04-29-at-08.48.33-4.jpeg 1356w\" sizes=\"auto, (max-width: 1024px) 100vw, 1024px\"\/><\/figure>\n<\/div>\n<\/div>\n<p><\/a><\/p>\n<p>Fonte: temporealrj.com<\/p>\n","protected":false},"excerpt":{"rendered":"<p>O governador em exerc\u00edcio do Rio, Ricardo Couto, continua seu projeto de reforma interna da Casa Civil estadual. Nesta quarta (29), foi a vez de \u00e1reas dedicadas a Eventos e Rela\u00e7\u00f5es Internacionais. Em novo decreto, o desembargador promoveu setores de assessoria a subsecretarias e transferiu a responsabilidade por pastas internas. A principal mudan\u00e7a aconteceu na [&hellip;]<\/p>\n","protected":false},"author":3,"featured_media":9519,"comment_status":"open","ping_status":"open","sticky":false,"template":"","format":"standard","meta":{"advanced_seo_description":"","jetpack_seo_html_title":"","jetpack_seo_noindex":false,"fifu_image_url":"https:\/\/temporealrj.com\/wp-content\/uploads\/2026\/04\/desembargador-Ricardo-Couto-de-Castro-governador-em-exercicio-e1777464917538.png","fifu_image_alt":"","_jetpack_memberships_contains_paid_content":false,"footnotes":"","jetpack_publicize_message":"","jetpack_publicize_feature_enabled":true,"jetpack_social_post_already_shared":true,"jetpack_social_options":{"image_generator_settings":{"template":"highway","default_image_id":0,"font":"","enabled":false},"version":2}},"categories":[106,1],"tags":[],"class_list":{"0":"post-9518","1":"post","2":"type-post","3":"status-publish","4":"format-standard","5":"has-post-thumbnail","7":"category-politica","8":"category-uncategorized"},"jetpack_publicize_connections":[],"jetpack_featured_media_url":"https:\/\/i0.wp.com\/temporealrj.com\/wp-content\/uploads\/2026\/04\/desembargador-Ricardo-Couto-de-Castro-governador-em-exercicio-e1777464917538.png?fit=%2C&ssl=1","jetpack_sharing_enabled":true,"jetpack-related-posts":[],"_links":{"self":[{"href":"https:\/\/friburgonoticias.com.br\/temp\/wp-json\/wp\/v2\/posts\/9518","targetHints":{"allow":["GET"]}}],"collection":[{"href":"https:\/\/friburgonoticias.com.br\/temp\/wp-json\/wp\/v2\/posts"}],"about":[{"href":"https:\/\/friburgonoticias.com.br\/temp\/wp-json\/wp\/v2\/types\/post"}],"author":[{"embeddable":true,"href":"https:\/\/friburgonoticias.com.br\/temp\/wp-json\/wp\/v2\/users\/3"}],"replies":[{"embeddable":true,"href":"https:\/\/friburgonoticias.com.br\/temp\/wp-json\/wp\/v2\/comments?post=9518"}],"version-history":[{"count":0,"href":"https:\/\/friburgonoticias.com.br\/temp\/wp-json\/wp\/v2\/posts\/9518\/revisions"}],"wp:featuredmedia":[{"embeddable":true,"href":"https:\/\/friburgonoticias.com.br\/temp\/wp-json\/wp\/v2\/media\/9519"}],"wp:attachment":[{"href":"https:\/\/friburgonoticias.com.br\/temp\/wp-json\/wp\/v2\/media?parent=9518"}],"wp:term":[{"taxonomy":"category","embeddable":true,"href":"https:\/\/friburgonoticias.com.br\/temp\/wp-json\/wp\/v2\/categories?post=9518"},{"taxonomy":"post_tag","embeddable":true,"href":"https:\/\/friburgonoticias.com.br\/temp\/wp-json\/wp\/v2\/tags?post=9518"}],"curies":[{"name":"wp","href":"https:\/\/api.w.org\/{rel}","templated":true}]}}