{"id":9520,"date":"2026-04-29T13:17:23","date_gmt":"2026-04-29T13:17:23","guid":{"rendered":"https:\/\/friburgonoticias.com.br\/temp\/2026\/04\/29\/conselho-de-etica-pode-instaurar-novos-processos-nesta-quarta-feira-noticias\/"},"modified":"2026-04-29T13:17:23","modified_gmt":"2026-04-29T13:17:23","slug":"conselho-de-etica-pode-instaurar-novos-processos-nesta-quarta-feira-noticias","status":"publish","type":"post","link":"https:\/\/friburgonoticias.com.br\/temp\/2026\/04\/29\/conselho-de-etica-pode-instaurar-novos-processos-nesta-quarta-feira-noticias\/","title":{"rendered":"Conselho de \u00c9tica pode instaurar novos processos nesta quarta-feira &#8211; Not\u00edcias"},"content":{"rendered":"<p><\/p>\n<div>\n<p class=\"g-artigo__data-hora\">\n                                            29\/04\/2026 &#8211; 10:08 \u00a0\n                                        <\/p>\n<div id=\"image-container-1267169\" class=\"image-container\" style=\"float: none; margin: 45px 0px; width: 100%;\" data-midia=\"1267169\">\n                <em>Bruno Spada\/C\u00e2mara dos Deputados<\/em><\/p>\n<p>                Conselho de \u00c9tica reunido ontem\n                <\/p><\/div>\n<p>                O <span id=\"4203\" class=\"termoGlossario\" title=\"\u00d3rg\u00e3o encarregado de zelar pela observ\u00e2ncia da \u00e9tica e do decoro parlamentar na C\u00e2mara. Compete-lhe instaurar e instruir os processos disciplinares referentes a den\u00fancias de atos incompat\u00edveis com o decoro parlamentar, recomendando ou n\u00e3o puni\u00e7\u00f5es cab\u00edveis aos deputados, que v\u00e3o desde a censura oral at\u00e9 a perda de mandato. Caso recomende puni\u00e7\u00f5es severas, o parecer do conselho dever\u00e1 ser votado pelo Plen\u00e1rio em dois dias, em vota\u00e7\u00e3o secreta. O conselho atua mediante provoca\u00e7\u00e3o da Mesa Diretora, nos casos de instaura\u00e7\u00e3o de processo disciplinar.\" contenteditable=\"false\" data-toggle=\"tooltip\" data-placement=\"top\">Conselho de \u00c9tica e Decoro Parlamentar<\/span> da C\u00e2mara dos Deputados realiza reuni\u00e3o nesta quarta-feira (29) para instaurar nove processos e sortear nomes para a relatoria dos casos.<br \/>\n                O encontro ser\u00e1 realizado \u00e0s 14 horas, no plen\u00e1rio 1.<\/p>\n<p>                Ser\u00e3o analisadas as seguintes representa\u00e7\u00f5es:<br \/>\n                <strong>PL e Lindbergh Farias<\/strong><\/p>\n<ul>\n<li><a href=\"https:\/\/www.camara.leg.br\/proposicoesWeb\/prop_mostrarintegra?codteor=3115218&amp;filename=REP%201\/2026\">REP 1\/26<\/a>, do Partido Liberal contra o deputado Lindbergh Farias (PT-RJ);<\/li>\n<\/ul>\n<p>                A acusa\u00e7\u00e3o sustenta que o parlamentar usou o cargo para promover persegui\u00e7\u00e3o pol\u00edtica contra advers\u00e1rios, entre eles o ex-deputado Eduardo Bolsonaro (SP).<br \/>\n                <strong>Psol e Paulo Bilynskyj\u00a0<\/strong><\/p>\n<ul>\n<li><a href=\"https:\/\/www.camara.leg.br\/proposicoesWeb\/prop_mostrarintegra?codteor=3115224&amp;filename=REP%202\/2026\">REP 2\/26<\/a>, do Psol contra o deputado Paulo Bilynskyj (PL-SP);<\/li>\n<\/ul>\n<p>                O partido reclama que, durante o tempo em que o parlamentar presidiu a Comiss\u00e3o de Seguran\u00e7a P\u00fablica da C\u00e2mara, ele desrespeitou a atua\u00e7\u00e3o dos deputados do Psol que compunham o colegiado.<br \/>\n                <strong>Novo e bancada do Psol<\/strong><\/p>\n<ul>\n<li><a href=\"https:\/\/www.camara.leg.br\/proposicoesWeb\/prop_mostrarintegra?codteor=3115232&amp;filename=REP%203\/2026\">REP 3\/26<\/a>, do Partido Novo contra os deputados do Psol Chico Alencar (RJ), Glauber Braga (RJ), Pastor Henrique Vieira (RJ), Ivan Valente (SP), C\u00e9lia Xakriab\u00e1 (MG), Erika Hilton (SP), Fernanda Melchionna (RS), Professora Luciene Cavalcante (SP), Luiza Erundina (SP), S\u00e2mia Bomfim (SP), Tal\u00edria Petrone (RJ) e Tarc\u00edsio Motta (RJ), e o deputado Lindbergh Farias.<\/li>\n<\/ul>\n<p>                O partido questiona a conduta dos parlamentares que acionaram a Procuradoria-Geral da Rep\u00fablica contra o senador Fl\u00e1vio Bolsonaro (PL-RJ). O senador convocou uma vig\u00edlia de ora\u00e7\u00e3o pela sa\u00fade do ex-presidente Jair Bolsonaro, que estava em pris\u00e3o domiciliar. Os deputados afirmaram que a vig\u00edlia seria uma &#8220;manobra&#8221; para dificultar a\u00e7\u00f5es policiais.<br \/>\n                <strong>Novo e Rog\u00e9rio Correia<\/strong><\/p>\n<ul>\n<li><a href=\"https:\/\/www.camara.leg.br\/proposicoesWeb\/prop_mostrarintegra?codteor=3115237&amp;filename=REP%204\/2026\">REP 4\/26<\/a>, do Partido Novo contra o deputado Rog\u00e9rio Correia (PT-MG);<\/li>\n<\/ul>\n<p>                O partido acusa Correia de agredir fisicamente o deputado Luiz Lima (Novo-RJ) durante confus\u00e3o em uma reuni\u00e3o da Comiss\u00e3o Mista Parlamentar de Inqu\u00e9rito (CPMI) do INSS.<br \/>\n                <strong>PL e Rog\u00e9rio Correia<\/strong><\/p>\n<ul>\n<li><a href=\"https:\/\/www.camara.leg.br\/proposicoesWeb\/prop_mostrarintegra?codteor=3115242&amp;filename=REP%205\/2026\">REP 5\/26<\/a>, do Partido Liberal tamb\u00e9m contra Rog\u00e9rio Correia;<\/li>\n<\/ul>\n<p>                O partido acusa Correia de publicar uma imagem manipulada por intelig\u00eancia artificial que simulava um encontro entre Jair Bolsonaro e empres\u00e1rios do setor financeiro.<\/p>\n<ul>\n<li><a href=\"https:\/\/www.camara.leg.br\/proposicoesWeb\/prop_mostrarintegra?codteor=3115251&amp;filename=REP%206\/2026\">REP 6\/26<\/a>, tamb\u00e9m do Partido Liberal contra Rog\u00e9rio Correia;<\/li>\n<\/ul>\n<p>                O partido acusa Correia de agredir fisicamente os deputados Alfredo Gaspar (Uni\u00e3o-AL) e Luiz Lima durante a reuni\u00e3o da CPMI do INSS que aprovou a quebra de sigilo do empres\u00e1rio F\u00e1bio Lu\u00eds Lula da Silva, filho do presidente Lula.<br \/>\n                <strong>Novo e Erika Hilton<\/strong><\/p>\n<ul>\n<li><a href=\"https:\/\/www.camara.leg.br\/proposicoesWeb\/prop_mostrarintegra?codteor=3115257&amp;filename=REP%207\/2026\">REP 7\/26<\/a>, do Partido Novo contra a deputada Erika Hilton<\/li>\n<\/ul>\n<p>                O Novo reclama que, em declara\u00e7\u00f5es nas redes sociais, a deputada teria usado termos ofensivos, como &#8220;imbecis&#8221;\u00a0e\u00a0&#8220;esgoto da sociedade&#8221;, para criticar opositores pol\u00edticos. O partido alega que a imunidade parlamentar n\u00e3o deve acobertar ataques \u00e0 honra de terceiros.<br \/>\n                <strong>Miss\u00e3o e Erika Hilton<\/strong><\/p>\n<ul>\n<li><a href=\"https:\/\/www.camara.leg.br\/proposicoesWeb\/prop_mostrarintegra?codteor=3115347&amp;filename=REP%208\/2026\">REP 8\/26<\/a>, do Partido Miss\u00e3o tamb\u00e9m contra a deputada Erika Hilton<\/li>\n<\/ul>\n<p>                O partido reclama da mesma postagem de Erika Hilton nas redes sociais. O Miss\u00e3o afirma que a mensagem \u00e9 ofensiva e discriminat\u00f3ria contra mulheres cisg\u00eanero.<br \/>\n                <strong>Novo e Lindbergh Farias<\/strong><\/p>\n<ul>\n<li><a href=\"https:\/\/www.camara.leg.br\/proposicoesWeb\/prop_mostrarintegra?codteor=3115382&amp;filename=REP%209\/2026\">REP 9\/26<\/a>, do Partido Novo contra o deputado Lindbergh Farias.<\/li>\n<\/ul>\n<p>                O partido acusa Lindbergh Farias de quebra de decoro por ter chamado o deputado Alfredo Gaspar de &#8220;estuprador&#8221; durante reuni\u00e3o da CPMI do INSS.<br \/>\n                <strong>Etapa inicial<\/strong><br \/>A reuni\u00e3o do Conselho de \u00c9tica \u00e9 a etapa inicial para apura\u00e7\u00e3o das condutas atribu\u00eddas aos parlamentares.<br \/>\n                Depois que o processo \u00e9 instaurado, o presidente do conselho sorteia nomes para comporem uma lista tr\u00edplice, de onde ser\u00e1 escolhido o relator de cada caso.<br \/>\n                \u00a0<br \/>\n                <iframe class=\"infografico-container\" style=\"width: 100%; height: 100%;\" src=\"https:\/\/www.camara.leg.br\/internet\/agencia\/infograficos-html5\/processo-cassacao-conselho-etica\/index.html\" frameborder=\"0\" data-mce-fragment=\"1\"><\/iframe><br \/>\n                \u00a0<\/p>\n<p style=\"font-size: 0.8rem; font-weight: 700;\">Da Reda\u00e7\u00e3o<br \/>Edi\u00e7\u00e3o \u2013 Natalia Doederlein<\/p>\n<\/p><\/div>\n<p><\/a><\/p>\n<p>Fonte: www.camara.leg.br<\/p>\n","protected":false},"excerpt":{"rendered":"<p>29\/04\/2026 &#8211; 10:08 \u00a0 Bruno Spada\/C\u00e2mara dos Deputados Conselho de \u00c9tica reunido ontem O Conselho de \u00c9tica e Decoro Parlamentar da C\u00e2mara dos Deputados realiza reuni\u00e3o nesta quarta-feira (29) para instaurar nove processos e sortear nomes para a relatoria dos casos. O encontro ser\u00e1 realizado \u00e0s 14 horas, no plen\u00e1rio 1. Ser\u00e3o analisadas as seguintes [&hellip;]<\/p>\n","protected":false},"author":3,"featured_media":9521,"comment_status":"open","ping_status":"open","sticky":false,"template":"","format":"standard","meta":{"advanced_seo_description":"","jetpack_seo_html_title":"","jetpack_seo_noindex":false,"fifu_image_url":"https:\/\/www.camara.leg.br\/midias\/image\/2026\/04\/img20260428162639662-768x473.jpg","fifu_image_alt":"","_jetpack_memberships_contains_paid_content":false,"footnotes":"","jetpack_publicize_message":"","jetpack_publicize_feature_enabled":true,"jetpack_social_post_already_shared":true,"jetpack_social_options":{"image_generator_settings":{"template":"highway","default_image_id":0,"font":"","enabled":false},"version":2}},"categories":[107],"tags":[],"class_list":{"0":"post-9520","1":"post","2":"type-post","3":"status-publish","4":"format-standard","5":"has-post-thumbnail","7":"category-economia"},"jetpack_publicize_connections":[],"jetpack_featured_media_url":"https:\/\/i0.wp.com\/www.camara.leg.br\/midias\/image\/2026\/04\/img20260428162639662-768x473.jpg?fit=%2C&ssl=1","jetpack_sharing_enabled":true,"jetpack-related-posts":[],"_links":{"self":[{"href":"https:\/\/friburgonoticias.com.br\/temp\/wp-json\/wp\/v2\/posts\/9520","targetHints":{"allow":["GET"]}}],"collection":[{"href":"https:\/\/friburgonoticias.com.br\/temp\/wp-json\/wp\/v2\/posts"}],"about":[{"href":"https:\/\/friburgonoticias.com.br\/temp\/wp-json\/wp\/v2\/types\/post"}],"author":[{"embeddable":true,"href":"https:\/\/friburgonoticias.com.br\/temp\/wp-json\/wp\/v2\/users\/3"}],"replies":[{"embeddable":true,"href":"https:\/\/friburgonoticias.com.br\/temp\/wp-json\/wp\/v2\/comments?post=9520"}],"version-history":[{"count":0,"href":"https:\/\/friburgonoticias.com.br\/temp\/wp-json\/wp\/v2\/posts\/9520\/revisions"}],"wp:featuredmedia":[{"embeddable":true,"href":"https:\/\/friburgonoticias.com.br\/temp\/wp-json\/wp\/v2\/media\/9521"}],"wp:attachment":[{"href":"https:\/\/friburgonoticias.com.br\/temp\/wp-json\/wp\/v2\/media?parent=9520"}],"wp:term":[{"taxonomy":"category","embeddable":true,"href":"https:\/\/friburgonoticias.com.br\/temp\/wp-json\/wp\/v2\/categories?post=9520"},{"taxonomy":"post_tag","embeddable":true,"href":"https:\/\/friburgonoticias.com.br\/temp\/wp-json\/wp\/v2\/tags?post=9520"}],"curies":[{"name":"wp","href":"https:\/\/api.w.org\/{rel}","templated":true}]}}