{"id":9522,"date":"2026-04-29T14:12:29","date_gmt":"2026-04-29T14:12:29","guid":{"rendered":"https:\/\/friburgonoticias.com.br\/temp\/2026\/04\/29\/governo-do-estado-volta-a-fazer-cortes-e-caneta-atinge-setores-de-politicas-inclusivas-e-projetos-sociais\/"},"modified":"2026-04-29T14:12:29","modified_gmt":"2026-04-29T14:12:29","slug":"governo-do-estado-volta-a-fazer-cortes-e-caneta-atinge-setores-de-politicas-inclusivas-e-projetos-sociais","status":"publish","type":"post","link":"https:\/\/friburgonoticias.com.br\/temp\/2026\/04\/29\/governo-do-estado-volta-a-fazer-cortes-e-caneta-atinge-setores-de-politicas-inclusivas-e-projetos-sociais\/","title":{"rendered":"governo do estado volta a fazer cortes e caneta atinge setores de Pol\u00edticas Inclusivas e Projetos Sociais"},"content":{"rendered":"<p><\/p>\n<div itemprop=\"articleBody\">\nO Di\u00e1rio Oficial desta quarta-feira (29) trouxe mais um cap\u00edtulo da <a href=\"https:\/\/temporealrj.com\/ricardo-couto-estrutura-casa-civil\/\">\u201cfaxina\u201d promovida pela gest\u00e3o Ricardo Couto, governador em exerc\u00edcio do Rio, na Casa Civil<\/a>. Desta vez, a caneta do <a href=\"https:\/\/temporealrj.com\/flavio-willeman-casa-civil\/\">novo secret\u00e1rio da pasta, Fl\u00e1vio Willeman<\/a>, se concentrou em setores espec\u00edficos como os de Pol\u00edticas Inclusivas e Projetos Sociais.<\/p>\n<p>Ao todo, foram publicadas 47 novas exonera\u00e7\u00f5es, al\u00e9m da anula\u00e7\u00e3o de tr\u00eas nomea\u00e7\u00f5es recentes. <a href=\"https:\/\/temporealrj.com\/exoneracoes-comissionados-ultrapassam-800\/\">Nesta ter\u00e7a (27), o secret\u00e1rio j\u00e1 tinha exonerado 92 pessoas<\/a> em diferentes setores da hierarquia interna da Casa Civil. Ao todo, a gest\u00e3o j\u00e1 acumula mais de 800 desligamentos em todo o Executivo fluminense em pouco mais de um m\u00eas.<\/p>\n<h2 class=\"wp-block-heading\">\u00c1reas de Pol\u00edticas Internas e projetos contra 39 das 47 demiss\u00f5es assinadas pela Casa Civil<\/h2>\n<p>O maior volume de desligamentos desta quarta aconteceu na Subsecretaria de Pol\u00edticas Inclusivas e em sua Superintend\u00eancia de Projetos Sociais (Seps). Na segunda, a \u201cdebandada\u201d foi quase total, atingindo desde cargos de confian\u00e7a simb\u00f3licos at\u00e9 fun\u00e7\u00f5es de assessoria t\u00e9cnica. Juntas, as duas \u00e1reas concentraram 39 das 47 demiss\u00f5es.<\/p>\n<p>As demais exonera\u00e7\u00f5es foram registradas no setor respons\u00e1vel por bilhetagem da Secretaria de Transportes, na Diretoria de Registro de Ve\u00edculos do Detran-RJ, na superintend\u00eancia de Gest\u00e3o de Contratos e Conv\u00eanios da Educa\u00e7\u00e3o, e na pasta de Desenvolvimento Social, que teve quatro assessores e assistentes desligados.<\/p>\n<p>Para compensar, o Di\u00e1rio Oficial tamb\u00e9m traz nomea\u00e7\u00f5es pontuais para \u00e1reas sens\u00edveis. O Gabinete de Seguran\u00e7a Institucional (GSI) recebe novos ajudantes de ordens e secret\u00e1rios, e a Controladoria Geral do Estado recebeu um novo coordenador para refor\u00e7ar a fiscaliza\u00e7\u00e3o interna.<\/p>\n<p><em>Com F\u00e1bio Martins.<\/em><\/p>\n<div class=\"wp-block-image\">\n<figure class=\"aligncenter size-full\"><img loading=\"lazy\" decoding=\"async\" width=\"330\" height=\"717\" src=\"https:\/\/temporealrj.com\/wp-content\/uploads\/2026\/04\/WhatsApp-Image-2026-04-29-at-09.18.46.jpeg\" alt=\"WhatsApp Image 2026 04 29 at 09.18.46\" class=\"wp-image-131543\" title=\"Faxina na Casa Civil: governo do estado volta a fazer cortes e caneta atinge setores de Pol\u00edticas Inclusivas e Projetos Sociais 62\" srcset=\"https:\/\/temporealrj.com\/wp-content\/uploads\/2026\/04\/WhatsApp-Image-2026-04-29-at-09.18.46.jpeg 330w, https:\/\/temporealrj.com\/wp-content\/uploads\/2026\/04\/WhatsApp-Image-2026-04-29-at-09.18.46-138x300.jpeg 138w\" sizes=\"auto, (max-width: 330px) 100vw, 330px\"\/><\/figure>\n<\/div>\n<div class=\"wp-block-image\">\n<figure class=\"aligncenter size-full\"><img loading=\"lazy\" decoding=\"async\" width=\"651\" height=\"687\" src=\"https:\/\/temporealrj.com\/wp-content\/uploads\/2026\/04\/WhatsApp-Image-2026-04-29-at-09.18.46-1.jpeg\" alt=\"WhatsApp Image 2026 04 29 at 09.18.46 1\" class=\"wp-image-131544\" title=\"Faxina na Casa Civil: governo do estado volta a fazer cortes e caneta atinge setores de Pol\u00edticas Inclusivas e Projetos Sociais 63\" srcset=\"https:\/\/temporealrj.com\/wp-content\/uploads\/2026\/04\/WhatsApp-Image-2026-04-29-at-09.18.46-1.jpeg 651w, https:\/\/temporealrj.com\/wp-content\/uploads\/2026\/04\/WhatsApp-Image-2026-04-29-at-09.18.46-1-284x300.jpeg 284w\" sizes=\"auto, (max-width: 651px) 100vw, 651px\"\/><\/figure>\n<\/div>\n<div class=\"wp-block-image\">\n<figure class=\"aligncenter size-full\"><img loading=\"lazy\" decoding=\"async\" width=\"671\" height=\"742\" src=\"https:\/\/temporealrj.com\/wp-content\/uploads\/2026\/04\/WhatsApp-Image-2026-04-29-at-09.18.46-2.jpeg\" alt=\"WhatsApp Image 2026 04 29 at 09.18.46 2\" class=\"wp-image-131545\" title=\"Faxina na Casa Civil: governo do estado volta a fazer cortes e caneta atinge setores de Pol\u00edticas Inclusivas e Projetos Sociais 64\" srcset=\"https:\/\/temporealrj.com\/wp-content\/uploads\/2026\/04\/WhatsApp-Image-2026-04-29-at-09.18.46-2.jpeg 671w, https:\/\/temporealrj.com\/wp-content\/uploads\/2026\/04\/WhatsApp-Image-2026-04-29-at-09.18.46-2-271x300.jpeg 271w\" sizes=\"auto, (max-width: 671px) 100vw, 671px\"\/><\/figure>\n<\/div>\n<\/div>\n<p><\/a><\/p>\n<p>Fonte: temporealrj.com<\/p>\n","protected":false},"excerpt":{"rendered":"<p>O Di\u00e1rio Oficial desta quarta-feira (29) trouxe mais um cap\u00edtulo da \u201cfaxina\u201d promovida pela gest\u00e3o Ricardo Couto, governador em exerc\u00edcio do Rio, na Casa Civil. Desta vez, a caneta do novo secret\u00e1rio da pasta, Fl\u00e1vio Willeman, se concentrou em setores espec\u00edficos como os de Pol\u00edticas Inclusivas e Projetos Sociais. Ao todo, foram publicadas 47 novas [&hellip;]<\/p>\n","protected":false},"author":3,"featured_media":9523,"comment_status":"open","ping_status":"open","sticky":false,"template":"","format":"standard","meta":{"advanced_seo_description":"","jetpack_seo_html_title":"","jetpack_seo_noindex":false,"fifu_image_url":"https:\/\/temporealrj.com\/wp-content\/uploads\/2026\/04\/flavio-willeman.avif","fifu_image_alt":"","_jetpack_memberships_contains_paid_content":false,"footnotes":"","jetpack_publicize_message":"","jetpack_publicize_feature_enabled":true,"jetpack_social_post_already_shared":true,"jetpack_social_options":{"image_generator_settings":{"template":"highway","default_image_id":0,"font":"","enabled":false},"version":2}},"categories":[107],"tags":[],"class_list":{"0":"post-9522","1":"post","2":"type-post","3":"status-publish","4":"format-standard","5":"has-post-thumbnail","7":"category-economia"},"jetpack_publicize_connections":[],"jetpack_featured_media_url":"https:\/\/temporealrj.com\/wp-content\/uploads\/2026\/04\/flavio-willeman.avif","jetpack_sharing_enabled":true,"jetpack-related-posts":[],"_links":{"self":[{"href":"https:\/\/friburgonoticias.com.br\/temp\/wp-json\/wp\/v2\/posts\/9522","targetHints":{"allow":["GET"]}}],"collection":[{"href":"https:\/\/friburgonoticias.com.br\/temp\/wp-json\/wp\/v2\/posts"}],"about":[{"href":"https:\/\/friburgonoticias.com.br\/temp\/wp-json\/wp\/v2\/types\/post"}],"author":[{"embeddable":true,"href":"https:\/\/friburgonoticias.com.br\/temp\/wp-json\/wp\/v2\/users\/3"}],"replies":[{"embeddable":true,"href":"https:\/\/friburgonoticias.com.br\/temp\/wp-json\/wp\/v2\/comments?post=9522"}],"version-history":[{"count":0,"href":"https:\/\/friburgonoticias.com.br\/temp\/wp-json\/wp\/v2\/posts\/9522\/revisions"}],"wp:featuredmedia":[{"embeddable":true,"href":"https:\/\/friburgonoticias.com.br\/temp\/wp-json\/wp\/v2\/media\/9523"}],"wp:attachment":[{"href":"https:\/\/friburgonoticias.com.br\/temp\/wp-json\/wp\/v2\/media?parent=9522"}],"wp:term":[{"taxonomy":"category","embeddable":true,"href":"https:\/\/friburgonoticias.com.br\/temp\/wp-json\/wp\/v2\/categories?post=9522"},{"taxonomy":"post_tag","embeddable":true,"href":"https:\/\/friburgonoticias.com.br\/temp\/wp-json\/wp\/v2\/tags?post=9522"}],"curies":[{"name":"wp","href":"https:\/\/api.w.org\/{rel}","templated":true}]}}