{"id":9560,"date":"2026-04-29T23:18:03","date_gmt":"2026-04-29T23:18:03","guid":{"rendered":"https:\/\/friburgonoticias.com.br\/temp\/2026\/04\/29\/representacao-no-parlasul-aprova-acordo-de-protecao-a-mulheres-vitimas-de-violencia-noticias\/"},"modified":"2026-04-29T23:18:03","modified_gmt":"2026-04-29T23:18:03","slug":"representacao-no-parlasul-aprova-acordo-de-protecao-a-mulheres-vitimas-de-violencia-noticias","status":"publish","type":"post","link":"https:\/\/friburgonoticias.com.br\/temp\/2026\/04\/29\/representacao-no-parlasul-aprova-acordo-de-protecao-a-mulheres-vitimas-de-violencia-noticias\/","title":{"rendered":"Representa\u00e7\u00e3o no Parlasul aprova acordo de prote\u00e7\u00e3o a mulheres v\u00edtimas de viol\u00eancia &#8211; Not\u00edcias"},"content":{"rendered":"<p><\/p>\n<div>\n<div>\n<p class=\"g-artigo__data-hora\">\n                                            29\/04\/2026 &#8211; 19:40 \u00a0\n                                        <\/p>\n<div id=\"image-container-1267650\" class=\"image-container\" style=\"float: none; margin: 45px 0px; width: 100%;\" data-midia=\"1267650\">\n                <em>Vinicius Loures\/C\u00e2mara dos Deputados<\/em><\/p>\n<p>                Jandira Feghali: acordo avan\u00e7a na defesa dos direitos humanos na Am\u00e9rica do Sul\n                <\/p><\/div>\n<p>                A Representa\u00e7\u00e3o Brasileira no Parlamento do <span id=\"4265\" class=\"termoGlossario\" title=\"Bloco econ\u00f4mico formado por Argentina, Brasil, Paraguai e Uruguai, com o objetivo de criar um mercado comum com livre circula\u00e7\u00e3o de bens e servi\u00e7os, adotar uma pol\u00edtica externa comum e harmonizar legisla\u00e7\u00f5es nacionais, tendo em vista uma maior integra\u00e7\u00e3o. A Bol\u00edvia est\u00e1 em processo de ades\u00e3o ao bloco. J\u00e1 a Venezuela era membro pleno e est\u00e1 suspensa desde dezembro de 2016. Chile, Peru, Col\u00f4mbia e Equador s\u00e3o pa\u00edses associados, que podem participar como convidados de reuni\u00f5es do bloco, mas sem direito a voto.\" contenteditable=\"false\" data-toggle=\"tooltip\" data-placement=\"top\">Mercosul<\/span> (Parlasul) aprovou, nesta quarta-feira (29), mensagem que encaminha ao Congresso Nacional o Acordo sobre o Reconhecimento M\u00fatuo de Medidas de Prote\u00e7\u00e3o \u00e0s Mulheres em Situa\u00e7\u00e3o de Viol\u00eancia de G\u00eanero entre os Estados Partes do Mercosul e Estados Associados.<br \/>\n                Enviada pelo Poder Executivo, a Mensagem 1873\/25 trata do acordo assinado em 2022, na cidade de Assun\u00e7\u00e3o, no Paraguai, com o objetivo de fortalecer a coopera\u00e7\u00e3o jur\u00eddica internacional na prote\u00e7\u00e3o de v\u00edtimas.<br \/>\n                O documento define regras para o reconhecimento e a execu\u00e7\u00e3o de medidas protetivas entre os pa\u00edses, por meio da Ordem Mercosul de Prote\u00e7\u00e3o (OMP).<br \/>\n                O sistema permite a transmiss\u00e3o direta dessas decis\u00f5es entre autoridades centrais, sem necessidade de formalidades adicionais. A medida busca dar mais rapidez \u00e0s a\u00e7\u00f5es em situa\u00e7\u00f5es de risco e garantir a continuidade da prote\u00e7\u00e3o \u00e0s mulheres que se deslocam entre os pa\u00edses do bloco.<br \/>\n                Os parlamentares acompanharam o voto da relatora, deputada Jandira Feghali (PCdoB-RJ), favor\u00e1vel \u00e0 mensagem.<br \/>\n                \u201cO acordo consagra um avan\u00e7o material e processual na arquitetura de direitos humanos do bloco sul-americano. A desburocratiza\u00e7\u00e3o dos tr\u00e2mites de coopera\u00e7\u00e3o atende \u00e0 urg\u00eancia da tutela da vida e da integridade f\u00edsica e psicol\u00f3gica das mulheres\u201d, disse Feghali.<br \/>\n                O texto ainda ser\u00e1 analisado, na C\u00e2mara dos Deputados, pelas comiss\u00f5es de Rela\u00e7\u00f5es Exteriores e de Defesa Nacional; de Defesa dos Direitos da Mulher; e de Constitui\u00e7\u00e3o e Justi\u00e7a e de Cidadania; e pelo Plen\u00e1rio. O Senado tamb\u00e9m examinar\u00e1 o acordo.<\/p>\n<p style=\"font-size: 0.8rem; font-weight: 700;\">Da Ag\u00eancia Senado<br \/>Edi\u00e7\u00e3o \u2013 MO<\/p>\n<\/p><\/div>\n<\/p><\/div>\n<p><\/a><\/p>\n<p>Fonte: www.camara.leg.br<\/p>\n","protected":false},"excerpt":{"rendered":"<p>29\/04\/2026 &#8211; 19:40 \u00a0 Vinicius Loures\/C\u00e2mara dos Deputados Jandira Feghali: acordo avan\u00e7a na defesa dos direitos humanos na Am\u00e9rica do Sul A Representa\u00e7\u00e3o Brasileira no Parlamento do Mercosul (Parlasul) aprovou, nesta quarta-feira (29), mensagem que encaminha ao Congresso Nacional o Acordo sobre o Reconhecimento M\u00fatuo de Medidas de Prote\u00e7\u00e3o \u00e0s Mulheres em Situa\u00e7\u00e3o de Viol\u00eancia [&hellip;]<\/p>\n","protected":false},"author":3,"featured_media":9561,"comment_status":"open","ping_status":"open","sticky":false,"template":"","format":"standard","meta":{"advanced_seo_description":"","jetpack_seo_html_title":"","jetpack_seo_noindex":false,"fifu_image_url":"https:\/\/www.camara.leg.br\/midias\/image\/2026\/04\/img20260429163437880-768x473.jpg","fifu_image_alt":"","_jetpack_memberships_contains_paid_content":false,"footnotes":"","jetpack_publicize_message":"","jetpack_publicize_feature_enabled":true,"jetpack_social_post_already_shared":true,"jetpack_social_options":{"image_generator_settings":{"template":"highway","default_image_id":0,"font":"","enabled":false},"version":2}},"categories":[106,1],"tags":[],"class_list":{"0":"post-9560","1":"post","2":"type-post","3":"status-publish","4":"format-standard","5":"has-post-thumbnail","7":"category-politica","8":"category-uncategorized"},"jetpack_publicize_connections":[],"jetpack_featured_media_url":"https:\/\/i0.wp.com\/www.camara.leg.br\/midias\/image\/2026\/04\/img20260429163437880-768x473.jpg?fit=%2C&ssl=1","jetpack_sharing_enabled":true,"jetpack-related-posts":[],"_links":{"self":[{"href":"https:\/\/friburgonoticias.com.br\/temp\/wp-json\/wp\/v2\/posts\/9560","targetHints":{"allow":["GET"]}}],"collection":[{"href":"https:\/\/friburgonoticias.com.br\/temp\/wp-json\/wp\/v2\/posts"}],"about":[{"href":"https:\/\/friburgonoticias.com.br\/temp\/wp-json\/wp\/v2\/types\/post"}],"author":[{"embeddable":true,"href":"https:\/\/friburgonoticias.com.br\/temp\/wp-json\/wp\/v2\/users\/3"}],"replies":[{"embeddable":true,"href":"https:\/\/friburgonoticias.com.br\/temp\/wp-json\/wp\/v2\/comments?post=9560"}],"version-history":[{"count":0,"href":"https:\/\/friburgonoticias.com.br\/temp\/wp-json\/wp\/v2\/posts\/9560\/revisions"}],"wp:featuredmedia":[{"embeddable":true,"href":"https:\/\/friburgonoticias.com.br\/temp\/wp-json\/wp\/v2\/media\/9561"}],"wp:attachment":[{"href":"https:\/\/friburgonoticias.com.br\/temp\/wp-json\/wp\/v2\/media?parent=9560"}],"wp:term":[{"taxonomy":"category","embeddable":true,"href":"https:\/\/friburgonoticias.com.br\/temp\/wp-json\/wp\/v2\/categories?post=9560"},{"taxonomy":"post_tag","embeddable":true,"href":"https:\/\/friburgonoticias.com.br\/temp\/wp-json\/wp\/v2\/tags?post=9560"}],"curies":[{"name":"wp","href":"https:\/\/api.w.org\/{rel}","templated":true}]}}