{"id":9562,"date":"2026-04-29T23:45:56","date_gmt":"2026-04-29T23:45:56","guid":{"rendered":"https:\/\/friburgonoticias.com.br\/temp\/2026\/04\/29\/douglas-ruas-afirma-que-a-alerj-nao-fez-nenhum-pedido-ao-ministro-zanin-que-manteve-ricardo-couto-no-governo\/"},"modified":"2026-04-29T23:45:56","modified_gmt":"2026-04-29T23:45:56","slug":"douglas-ruas-afirma-que-a-alerj-nao-fez-nenhum-pedido-ao-ministro-zanin-que-manteve-ricardo-couto-no-governo","status":"publish","type":"post","link":"https:\/\/friburgonoticias.com.br\/temp\/2026\/04\/29\/douglas-ruas-afirma-que-a-alerj-nao-fez-nenhum-pedido-ao-ministro-zanin-que-manteve-ricardo-couto-no-governo\/","title":{"rendered":"Douglas Ruas afirma que \u2018a Alerj n\u00e3o fez nenhum pedido ao ministro Zanin\u2019, que manteve Ricardo Couto no governo"},"content":{"rendered":"<p><\/p>\n<div itemprop=\"articleBody\">\nO presidente da Assembleia Legislativa do Rio (Alerj), Douglas Ruas (PL), afirmou que a casa n\u00e3o apresentou qualquer pedido ao <a href=\"https:\/\/temporealrj.com\/stf-zanin-vota-por-eleicao-direta\/\">ministro Cristiano Zanin, do Supremo Tribunal Federal (STF)<\/a>, para reestabelecer a linha sucess\u00f3ria e remover o desembargador Ricardo Couto do cargo de governador interino.<\/p>\n<p>A declara\u00e7\u00e3o foi feita durante a abertura da sess\u00e3o plen\u00e1ria desta quarta-feira (29), ap\u00f3s a repercuss\u00e3o da decis\u00e3o do STF que manteve Couto no comando do Executivo.<\/p>\n<p>Ele afirma que houve uma interpreta\u00e7\u00e3o equivocada sobre o caso e defendeu que a Alerj n\u00e3o \u00e9 parte no processo analisado por Zanin, logo, n\u00e3o teria como apresentar qualquer pedido ao ministro.<\/p>\n<h2 class=\"wp-block-heading\">Douglas diz que Alerj apenas informou STF sobre sua elei\u00e7\u00e3o em outra a\u00e7\u00e3o<\/h2>\n<p>O novo presidente explicou que a atua\u00e7\u00e3o da Procuradoria da Alerj no Supremo se limitou a comunicar formalmente a realiza\u00e7\u00e3o da elei\u00e7\u00e3o para a presid\u00eancia da casa, em manifesta\u00e7\u00e3o encaminhada ao ministro Luiz Fux \u2014 n\u00e3o Zanin.<\/p>\n<p>De acordo com ele, a Alerj integra apenas essa a\u00e7\u00e3o espec\u00edfica, enquanto a decis\u00e3o do outro ministro ocorreu no processo apresentado pelo PSD, sem participa\u00e7\u00e3o da Assembleia.\n<\/p><\/div>\n<p><\/a><\/p>\n<p>Fonte: temporealrj.com<\/p>\n","protected":false},"excerpt":{"rendered":"<p>O presidente da Assembleia Legislativa do Rio (Alerj), Douglas Ruas (PL), afirmou que a casa n\u00e3o apresentou qualquer pedido ao ministro Cristiano Zanin, do Supremo Tribunal Federal (STF), para reestabelecer a linha sucess\u00f3ria e remover o desembargador Ricardo Couto do cargo de governador interino. A declara\u00e7\u00e3o foi feita durante a abertura da sess\u00e3o plen\u00e1ria desta [&hellip;]<\/p>\n","protected":false},"author":3,"featured_media":9563,"comment_status":"open","ping_status":"open","sticky":false,"template":"","format":"standard","meta":{"advanced_seo_description":"","jetpack_seo_html_title":"","jetpack_seo_noindex":false,"fifu_image_url":"https:\/\/temporealrj.com\/wp-content\/uploads\/2026\/04\/WhatsApp-Image-2026-04-29-at-15.25.46-e1777487231851.jpeg","fifu_image_alt":"","_jetpack_memberships_contains_paid_content":false,"footnotes":"","jetpack_publicize_message":"","jetpack_publicize_feature_enabled":true,"jetpack_social_post_already_shared":true,"jetpack_social_options":{"image_generator_settings":{"template":"highway","default_image_id":0,"font":"","enabled":false},"version":2}},"categories":[107],"tags":[],"class_list":{"0":"post-9562","1":"post","2":"type-post","3":"status-publish","4":"format-standard","5":"has-post-thumbnail","7":"category-economia"},"jetpack_publicize_connections":[],"jetpack_featured_media_url":"https:\/\/i0.wp.com\/temporealrj.com\/wp-content\/uploads\/2026\/04\/WhatsApp-Image-2026-04-29-at-15.25.46-e1777487231851.jpeg?fit=%2C&ssl=1","jetpack_sharing_enabled":true,"jetpack-related-posts":[],"_links":{"self":[{"href":"https:\/\/friburgonoticias.com.br\/temp\/wp-json\/wp\/v2\/posts\/9562","targetHints":{"allow":["GET"]}}],"collection":[{"href":"https:\/\/friburgonoticias.com.br\/temp\/wp-json\/wp\/v2\/posts"}],"about":[{"href":"https:\/\/friburgonoticias.com.br\/temp\/wp-json\/wp\/v2\/types\/post"}],"author":[{"embeddable":true,"href":"https:\/\/friburgonoticias.com.br\/temp\/wp-json\/wp\/v2\/users\/3"}],"replies":[{"embeddable":true,"href":"https:\/\/friburgonoticias.com.br\/temp\/wp-json\/wp\/v2\/comments?post=9562"}],"version-history":[{"count":0,"href":"https:\/\/friburgonoticias.com.br\/temp\/wp-json\/wp\/v2\/posts\/9562\/revisions"}],"wp:featuredmedia":[{"embeddable":true,"href":"https:\/\/friburgonoticias.com.br\/temp\/wp-json\/wp\/v2\/media\/9563"}],"wp:attachment":[{"href":"https:\/\/friburgonoticias.com.br\/temp\/wp-json\/wp\/v2\/media?parent=9562"}],"wp:term":[{"taxonomy":"category","embeddable":true,"href":"https:\/\/friburgonoticias.com.br\/temp\/wp-json\/wp\/v2\/categories?post=9562"},{"taxonomy":"post_tag","embeddable":true,"href":"https:\/\/friburgonoticias.com.br\/temp\/wp-json\/wp\/v2\/tags?post=9562"}],"curies":[{"name":"wp","href":"https:\/\/api.w.org\/{rel}","templated":true}]}}