{"id":9568,"date":"2026-04-30T02:13:46","date_gmt":"2026-04-30T02:13:46","guid":{"rendered":"https:\/\/friburgonoticias.com.br\/temp\/2026\/04\/30\/deputados-de-oposicao-comemoram-e-governistas-criticam-rejeicao-do-senado-a-messias-no-stf-noticias\/"},"modified":"2026-04-30T02:13:46","modified_gmt":"2026-04-30T02:13:46","slug":"deputados-de-oposicao-comemoram-e-governistas-criticam-rejeicao-do-senado-a-messias-no-stf-noticias","status":"publish","type":"post","link":"https:\/\/friburgonoticias.com.br\/temp\/2026\/04\/30\/deputados-de-oposicao-comemoram-e-governistas-criticam-rejeicao-do-senado-a-messias-no-stf-noticias\/","title":{"rendered":"Deputados de oposi\u00e7\u00e3o comemoram e governistas criticam rejei\u00e7\u00e3o do Senado a Messias no STF &#8211; Not\u00edcias"},"content":{"rendered":"<p><\/p>\n<div>\n<p class=\"g-artigo__data-hora\">\n                                            29\/04\/2026 &#8211; 22:59 \u00a0\n                                        <\/p>\n<div id=\"image-container-1267761\" class=\"image-container\" style=\"float: none; margin: 45px 0px; width: 100%;\" data-midia=\"1267761\">\n                <em>Kayo Magalh\u00e3es\/C\u00e2mara dos Deputados<\/em><\/p>\n<p>                Cabo Gilberto Silva, l\u00edder da oposi\u00e7\u00e3o\n                <\/p><\/div>\n<p>                A rejei\u00e7\u00e3o do Senado \u00e0 indica\u00e7\u00e3o de Jorge Messias para ministro do Supremo Tribunal Federal (STF) foi comemorada por deputados da oposi\u00e7\u00e3o, em discursos no Plen\u00e1rio da C\u00e2mara. Parlamentares da base do governo, por\u00e9m, avaliaram que o Senado &#8220;virou as costas&#8221; para o povo com a decis\u00e3o. O nome de Messias foi rejeitado nesta quarta-feira (29) por 42 a 34 votos dos senadores.<br \/>\n                A oposi\u00e7\u00e3o classificou a rejei\u00e7\u00e3o de Messias como &#8220;vit\u00f3ria da democracia&#8221; contra o que chamam de tentativa de aparelhamento do Judici\u00e1rio. Para o l\u00edder da oposi\u00e7\u00e3o, deputado Cabo Gilberto Silva (PL-PB), a vota\u00e7\u00e3o marca &#8220;a maior vit\u00f3ria&#8221; dentro do Congresso em defesa do Estado Democr\u00e1tico de Direito. &#8220;Esta vit\u00f3ria n\u00e3o \u00e9 nossa, n\u00e3o \u00e9 da oposi\u00e7\u00e3o, n\u00e3o \u00e9 do Senado nem da C\u00e2mara. Esta vit\u00f3ria \u00e9 do povo brasileiro&#8221;, declarou.<br \/>\n                A base do governo, por sua vez, acusou o Senado de virar as costas para o povo brasileiro e para a democracia. &#8220;Os inimigos do povo n\u00e3o respeitaram o voto soberano e popular na indica\u00e7\u00e3o do ministro do Supremo, de uma pessoa ilibada, decente, coerente, evang\u00e9lico&#8221;, disse o l\u00edder do PT, deputado Pedro Uczai (SC). Segundo ele, a democracia e o povo brasileiro v\u00e3o derrotar os que est\u00e3o contra o governo nas pr\u00f3ximas elei\u00e7\u00f5es.<\/p>\n<div id=\"image-container-1267762\" class=\"image-container\" style=\"float: none; margin: 45px 0px; width: 100%;\" data-midia=\"1267762\">\n                <em>Kayo Magalh\u00e3es\/C\u00e2mara dos Deputados<\/em><\/p>\n<p>                Pedro Uczai, l\u00edder do PT\n                <\/p><\/div>\n<p>                O l\u00edder do PL, deputado S\u00f3stenes Cavalcante (RJ), afirmou que o Executivo viu, com a vota\u00e7\u00e3o, &#8220;as costas&#8221; do Senado Federal. &#8220;Parab\u00e9ns aos senadores pelo recado duro que hoje deram ao governo&#8221;, disse.<br \/>\n                J\u00e1 o deputado Helder Salom\u00e3o (PT-ES) refor\u00e7ou que a a\u00e7\u00e3o do Senado foi contra o povo brasileiro. &#8220;Hoje rejeitam a indica\u00e7\u00e3o de um homem \u00edntegro, preparado, com todas as qualifica\u00e7\u00f5es para ser um ministro&#8221;, lamentou.<br \/>\n                <strong>Indica\u00e7\u00e3o<\/strong><br \/>Atual advogado-geral da Uni\u00e3o, Jorge Messias foi indicado para o cargo pelo presidente Luiz In\u00e1cio Lula da Silva, na vaga decorrente da aposentadoria antecipada de Lu\u00eds Roberto Barroso, que deixou o tribunal em outubro de 2025.<br \/>\n                Com a rejei\u00e7\u00e3o, a mensagem indicando Messias foi arquivada, e o presidente Lula ter\u00e1 de encaminhar um novo nome para preencher a vaga deixada por Barroso no STF.<br \/>\n                Esta foi a primeira vez que uma indica\u00e7\u00e3o ao STF foi rejeitada em 132 anos. Antes, apenas cinco indica\u00e7\u00f5es feitas pelo ent\u00e3o presidente da Rep\u00fablica foram derrubadas pelos senadores. Todas as rejei\u00e7\u00f5es ocorreram em 1894, no governo do marechal Floriano Peixoto. O STF foi criado em 1890, ap\u00f3s a Proclama\u00e7\u00e3o da Rep\u00fablica.<\/p>\n<p style=\"font-size: 0.8rem; font-weight: 700;\">Reportagem \u2013 Tiago Miranda<br \/>Edi\u00e7\u00e3o \u2013 Pierre Triboli<\/p>\n<\/p><\/div>\n<p><\/a><\/p>\n<p>Fonte: www.camara.leg.br<\/p>\n","protected":false},"excerpt":{"rendered":"<p>29\/04\/2026 &#8211; 22:59 \u00a0 Kayo Magalh\u00e3es\/C\u00e2mara dos Deputados Cabo Gilberto Silva, l\u00edder da oposi\u00e7\u00e3o A rejei\u00e7\u00e3o do Senado \u00e0 indica\u00e7\u00e3o de Jorge Messias para ministro do Supremo Tribunal Federal (STF) foi comemorada por deputados da oposi\u00e7\u00e3o, em discursos no Plen\u00e1rio da C\u00e2mara. Parlamentares da base do governo, por\u00e9m, avaliaram que o Senado &#8220;virou as costas&#8221; [&hellip;]<\/p>\n","protected":false},"author":3,"featured_media":9569,"comment_status":"open","ping_status":"open","sticky":false,"template":"","format":"standard","meta":{"advanced_seo_description":"","jetpack_seo_html_title":"","jetpack_seo_noindex":false,"fifu_image_url":"https:\/\/www.camara.leg.br\/midias\/image\/2026\/04\/img20260429212838244-768x473.jpg","fifu_image_alt":"","_jetpack_memberships_contains_paid_content":false,"footnotes":"","jetpack_publicize_message":"","jetpack_publicize_feature_enabled":true,"jetpack_social_post_already_shared":true,"jetpack_social_options":{"image_generator_settings":{"template":"highway","default_image_id":0,"font":"","enabled":false},"version":2}},"categories":[107],"tags":[],"class_list":{"0":"post-9568","1":"post","2":"type-post","3":"status-publish","4":"format-standard","5":"has-post-thumbnail","7":"category-economia"},"jetpack_publicize_connections":[],"jetpack_featured_media_url":"https:\/\/i0.wp.com\/www.camara.leg.br\/midias\/image\/2026\/04\/img20260429212838244-768x473.jpg?fit=%2C&ssl=1","jetpack_sharing_enabled":true,"jetpack-related-posts":[],"_links":{"self":[{"href":"https:\/\/friburgonoticias.com.br\/temp\/wp-json\/wp\/v2\/posts\/9568","targetHints":{"allow":["GET"]}}],"collection":[{"href":"https:\/\/friburgonoticias.com.br\/temp\/wp-json\/wp\/v2\/posts"}],"about":[{"href":"https:\/\/friburgonoticias.com.br\/temp\/wp-json\/wp\/v2\/types\/post"}],"author":[{"embeddable":true,"href":"https:\/\/friburgonoticias.com.br\/temp\/wp-json\/wp\/v2\/users\/3"}],"replies":[{"embeddable":true,"href":"https:\/\/friburgonoticias.com.br\/temp\/wp-json\/wp\/v2\/comments?post=9568"}],"version-history":[{"count":0,"href":"https:\/\/friburgonoticias.com.br\/temp\/wp-json\/wp\/v2\/posts\/9568\/revisions"}],"wp:featuredmedia":[{"embeddable":true,"href":"https:\/\/friburgonoticias.com.br\/temp\/wp-json\/wp\/v2\/media\/9569"}],"wp:attachment":[{"href":"https:\/\/friburgonoticias.com.br\/temp\/wp-json\/wp\/v2\/media?parent=9568"}],"wp:term":[{"taxonomy":"category","embeddable":true,"href":"https:\/\/friburgonoticias.com.br\/temp\/wp-json\/wp\/v2\/categories?post=9568"},{"taxonomy":"post_tag","embeddable":true,"href":"https:\/\/friburgonoticias.com.br\/temp\/wp-json\/wp\/v2\/tags?post=9568"}],"curies":[{"name":"wp","href":"https:\/\/api.w.org\/{rel}","templated":true}]}}