{"id":9590,"date":"2026-04-30T19:08:40","date_gmt":"2026-04-30T19:08:40","guid":{"rendered":"https:\/\/friburgonoticias.com.br\/temp\/2026\/04\/30\/congresso-derruba-veto-ao-pl-da-dosimetria-que-reduz-penas-de-condenados-por-tentativa-de-golpe-noticias\/"},"modified":"2026-04-30T19:08:40","modified_gmt":"2026-04-30T19:08:40","slug":"congresso-derruba-veto-ao-pl-da-dosimetria-que-reduz-penas-de-condenados-por-tentativa-de-golpe-noticias","status":"publish","type":"post","link":"https:\/\/friburgonoticias.com.br\/temp\/2026\/04\/30\/congresso-derruba-veto-ao-pl-da-dosimetria-que-reduz-penas-de-condenados-por-tentativa-de-golpe-noticias\/","title":{"rendered":"Congresso derruba veto ao PL da Dosimetria, que reduz penas de condenados por tentativa de golpe &#8211; Not\u00edcias"},"content":{"rendered":"<p><\/p>\n<div>\n<p class=\"g-artigo__data-hora\">\n                                            30\/04\/2026 &#8211; 15:37 \u00a0<br \/>\n                                                <span>\u2022 \u00a0 Atualizado em 30\/04\/2026 &#8211; 15:53<\/span>\n                                        <\/p>\n<div id=\"image-container-1267893\" class=\"image-container\" style=\"float: none; margin: 45px 0px; width: 100%;\" data-midia=\"1267893\">\n                <em>Kayo Magalh\u00e3es \/ C\u00e2mara dos Deputados<\/em><\/p>\n<p>                Sess\u00e3o do Congresso Nacional analisou o veto nesta quinta-feira\n                <\/p><\/div>\n<p>                O Congresso Nacional derrubou o veto ao projeto de lei que diminui as penas de pessoas condenadas pelos atos antidemocr\u00e1ticos de 8 de janeiro de 2023 e pela tentativa de golpe de Estado, como o ex-presidente Jair Bolsonaro.<br \/>\n                Na C\u00e2mara dos Deputados foram 318 votos contra o veto e 144 a favor, com 5 absten\u00e7\u00f5es. No Senado, foram 49 votos pela rejei\u00e7\u00e3o do veto e 24 contra.<br \/>\n                Conhecido como PL da Dosimetria, o Projeto de Lei 2162\/23 foi aprovado em dezembro do ano passado, na forma do texto do relator, deputado Paulinho da For\u00e7a (Solidariedade-SP).<br \/>\n                Na sess\u00e3o desta quinta-feira (30), o presidente do Congresso, senador Davi Alcolumbre, decidiu considerar prejudicados os trechos do projeto que alteram os incisos 4 a 10 do artigo 112 da Lei de Execu\u00e7\u00e3o Penal, sobre progress\u00e3o de regime, por colidirem com a Lei Antifac\u00e7\u00e3o, sancionada em mar\u00e7o deste ano.<br \/>\n                Segundo ele, sua decis\u00e3o se baseou no fato de o projeto da dosimetria n\u00e3o ter pretendido mudar os percentuais de cumprimento de pena no regime mais r\u00edgido para a progress\u00e3o de regime de condenados por <span id=\"4179\" class=\"termoGlossario\" title=\"A Lei 8.072\/90 define como hediondos os crimes de homic\u00eddio praticado por grupo de exterm\u00ednio; homic\u00eddio qualificado; latroc\u00ednio; genoc\u00eddio; extors\u00e3o qualificada por morte; extors\u00e3o mediante sequestro; estupro; dissemina\u00e7\u00e3o de epidemia que provoque morte; falsifica\u00e7\u00e3o, corrup\u00e7\u00e3o, adultera\u00e7\u00e3o ou altera\u00e7\u00e3o de produto destinado a fins terap\u00eauticos ou medicinais; e favorecimento da prostitui\u00e7\u00e3o ou de outra forma de explora\u00e7\u00e3o sexual de crian\u00e7a ou adolescente ou de vulner\u00e1vel. Esse tipo de crime deve ser cumprido inicialmente em regime fechado e \u00e9 insuscet\u00edvel de anistia, gra\u00e7a, indulto e fian\u00e7a.\" contenteditable=\"false\" data-toggle=\"tooltip\" data-placement=\"top\">crimes hediondos<\/span> (mil\u00edcia, organiza\u00e7\u00e3o criminosa, feminic\u00eddio, por exemplo).<br \/>\n                Ao questionar a decis\u00e3o, a deputada Jandira Feghali (PCdoB-RJ) argumentou que o &#8220;fatiamento \u00e9 uma inova\u00e7\u00e3o e fere a Constitui\u00e7\u00e3o&#8221;. &#8220;Se a inten\u00e7\u00e3o era proteger de mudan\u00e7a esses incisos, o Senado poderia ter alterado o texto e n\u00e3o alterou, aprovando na \u00edntegra o PL da dosimetria\u201d afirmou.<br \/>\n                O presidente do Congresso rejeitou essa e outras <span id=\"4097\" class=\"termoGlossario\" title=\"Solicita\u00e7\u00e3o de esclarecimento a respeito da forma de condu\u00e7\u00e3o dos trabalhos legislativos, em caso de d\u00favida sobre a interpreta\u00e7\u00e3o do regimento na sua pr\u00e1tica exclusiva ou relacionada com a Constitui\u00e7\u00e3o. Da decis\u00e3o do presidente da C\u00e2mara cabe recurso ao Plen\u00e1rio, ouvida a Comiss\u00e3o de Constitui\u00e7\u00e3o e Justi\u00e7a e de Cidadania (CCJ), no caso de apresenta\u00e7\u00e3o em sess\u00e3o. Em comiss\u00e3o, a quest\u00e3o de ordem ser\u00e1 resolvida pelo seu presidente, cabendo recurso a ser dirigido \u00e0 Presid\u00eancia da Casa.\" contenteditable=\"false\" data-toggle=\"tooltip\" data-placement=\"top\">quest\u00f5es de ordem<\/span> contra sua decis\u00e3o.<br \/>\n                A l\u00edder da <span id=\"4279\" class=\"termoGlossario\" title=\"Bancada partid\u00e1ria cujo n\u00famero de integrantes seja imediatamente inferior \u00e0 maioria e que expresse posi\u00e7\u00e3o diferente desta em rela\u00e7\u00e3o ao governo.\" contenteditable=\"false\" data-toggle=\"tooltip\" data-placement=\"top\">Minoria<\/span> no Congresso, deputada Bia Kicis (PL-DF), afirmou que a decis\u00e3o de Alcolumbre foi s\u00e1bia, tanto t\u00e9cnica como politicamente. &#8220;N\u00f3s vamos preservar o que foi conquistado pelo PL Antifac\u00e7\u00e3o e, ao mesmo tempo, evitar que o PL da Dosimetria produza efeitos indesejados&#8221;, avaliou.<br \/>\n                <strong>Justificativa<\/strong><br \/>Parlamentares favor\u00e1veis \u00e0 derrubada do veto argumentam que as penas aplicadas aos participantes dos atos de 8 de janeiro de 2023 s\u00e3o desproporcionais. O relator da proposta na C\u00e2mara, deputado Paulinho da For\u00e7a, afirmou que \u00e9 injusto aceitar que &#8220;a justi\u00e7a seja tratada com vi\u00e9s pol\u00edtico&#8221; e pessoas continuem pagando com a liberdade por distor\u00e7\u00f5es. &#8220;Manter este veto \u00e9 compactuar com o erro e fechar os olhos para exageros, \u00e9 aceitar que o Parlamento n\u00e3o vale nada&#8221;, disse.<br \/>\n                J\u00e1 deputados contr\u00e1rios \u00e0 derrubada do veto afirmaram que o projeto representa uma tentativa de anistia a golpistas e pode beneficiar criminosos comuns.<\/p>\n<p style=\"font-size: 0.8rem; font-weight: 700;\">Reportagem \u2013 Eduardo Piovesan e Tiago Miranda<br \/>Edi\u00e7\u00e3o \u2013 Pierre Triboli<\/p>\n<\/p><\/div>\n<p><\/a><\/p>\n<p>Fonte: www.camara.leg.br<\/p>\n","protected":false},"excerpt":{"rendered":"<p>30\/04\/2026 &#8211; 15:37 \u00a0 \u2022 \u00a0 Atualizado em 30\/04\/2026 &#8211; 15:53 Kayo Magalh\u00e3es \/ C\u00e2mara dos Deputados Sess\u00e3o do Congresso Nacional analisou o veto nesta quinta-feira O Congresso Nacional derrubou o veto ao projeto de lei que diminui as penas de pessoas condenadas pelos atos antidemocr\u00e1ticos de 8 de janeiro de 2023 e pela tentativa [&hellip;]<\/p>\n","protected":false},"author":3,"featured_media":9591,"comment_status":"open","ping_status":"open","sticky":false,"template":"","format":"standard","meta":{"advanced_seo_description":"","jetpack_seo_html_title":"","jetpack_seo_noindex":false,"fifu_image_url":"https:\/\/www.camara.leg.br\/midias\/image\/2026\/04\/img20260430111634445-768x473.jpg","fifu_image_alt":"","_jetpack_memberships_contains_paid_content":false,"footnotes":"","jetpack_publicize_message":"","jetpack_publicize_feature_enabled":true,"jetpack_social_post_already_shared":true,"jetpack_social_options":{"image_generator_settings":{"template":"highway","default_image_id":0,"font":"","enabled":false},"version":2}},"categories":[106,1],"tags":[],"class_list":{"0":"post-9590","1":"post","2":"type-post","3":"status-publish","4":"format-standard","5":"has-post-thumbnail","7":"category-politica","8":"category-uncategorized"},"jetpack_publicize_connections":[],"jetpack_featured_media_url":"https:\/\/i0.wp.com\/www.camara.leg.br\/midias\/image\/2026\/04\/img20260430111634445-768x473.jpg?fit=%2C&ssl=1","jetpack_sharing_enabled":true,"jetpack-related-posts":[],"_links":{"self":[{"href":"https:\/\/friburgonoticias.com.br\/temp\/wp-json\/wp\/v2\/posts\/9590","targetHints":{"allow":["GET"]}}],"collection":[{"href":"https:\/\/friburgonoticias.com.br\/temp\/wp-json\/wp\/v2\/posts"}],"about":[{"href":"https:\/\/friburgonoticias.com.br\/temp\/wp-json\/wp\/v2\/types\/post"}],"author":[{"embeddable":true,"href":"https:\/\/friburgonoticias.com.br\/temp\/wp-json\/wp\/v2\/users\/3"}],"replies":[{"embeddable":true,"href":"https:\/\/friburgonoticias.com.br\/temp\/wp-json\/wp\/v2\/comments?post=9590"}],"version-history":[{"count":0,"href":"https:\/\/friburgonoticias.com.br\/temp\/wp-json\/wp\/v2\/posts\/9590\/revisions"}],"wp:featuredmedia":[{"embeddable":true,"href":"https:\/\/friburgonoticias.com.br\/temp\/wp-json\/wp\/v2\/media\/9591"}],"wp:attachment":[{"href":"https:\/\/friburgonoticias.com.br\/temp\/wp-json\/wp\/v2\/media?parent=9590"}],"wp:term":[{"taxonomy":"category","embeddable":true,"href":"https:\/\/friburgonoticias.com.br\/temp\/wp-json\/wp\/v2\/categories?post=9590"},{"taxonomy":"post_tag","embeddable":true,"href":"https:\/\/friburgonoticias.com.br\/temp\/wp-json\/wp\/v2\/tags?post=9590"}],"curies":[{"name":"wp","href":"https:\/\/api.w.org\/{rel}","templated":true}]}}