{"id":9592,"date":"2026-04-30T19:27:23","date_gmt":"2026-04-30T19:27:23","guid":{"rendered":"https:\/\/friburgonoticias.com.br\/temp\/2026\/04\/30\/btg-pede-multa-maior-para-garotinho-que-nao-apagou-videos-com-acusacoes-a-socios-do-banco-mesmo-apos-decisao-judicial\/"},"modified":"2026-04-30T19:27:23","modified_gmt":"2026-04-30T19:27:23","slug":"btg-pede-multa-maior-para-garotinho-que-nao-apagou-videos-com-acusacoes-a-socios-do-banco-mesmo-apos-decisao-judicial","status":"publish","type":"post","link":"https:\/\/friburgonoticias.com.br\/temp\/2026\/04\/30\/btg-pede-multa-maior-para-garotinho-que-nao-apagou-videos-com-acusacoes-a-socios-do-banco-mesmo-apos-decisao-judicial\/","title":{"rendered":"BTG pede multa maior para Garotinho, que n\u00e3o apagou v\u00eddeos com acusa\u00e7\u00f5es a s\u00f3cios do banco mesmo ap\u00f3s decis\u00e3o judicial"},"content":{"rendered":"<p><\/p>\n<div itemprop=\"articleBody\">\nO BTG Pactual acionou o Tribunal de Justi\u00e7a do Rio (TJRJ) para que seja aplicada multa ao ex-governador Anthony Garotinho (Republicanos) por <a href=\"https:\/\/temporealrj.com\/garotinho-reu-19-processos-novos-2026\/\">descumprimento da decis\u00e3o judicial que determinou a exclus\u00e3o de v\u00eddeos com acusa\u00e7\u00f5es<\/a> contra o banco e seus s\u00f3cios.<\/p>\n<p>A decis\u00e3o, proferida em 9 de abril, estabelecia prazo de 48 horas para remo\u00e7\u00e3o do conte\u00fado, sob pena de multa di\u00e1ria de R$ 50 mil \u2014 valor que agora o banco pede que seja elevado.<\/p>\n<h2 class=\"wp-block-heading\">A\u00e7\u00e3o sustenta que Garotinho mant\u00e9m conte\u00fado difamat\u00f3rio no ar para receber \u2018holofotes da imprensa\u2019<\/h2>\n<p>Nos v\u00eddeos, Garotinho faz insinua\u00e7\u00f5es de que Andr\u00e9 Esteves e Guilherme Paes, s\u00f3cios do BTG, estariam por tr\u00e1s de reportagens sobre contrata\u00e7\u00f5es do Banco Master e envolvidos em poss\u00edveis irregularidades em uma licita\u00e7\u00e3o para concess\u00e3o de cemit\u00e9rios no Rio.<\/p>\n<p>Ele tamb\u00e9m afirmou que os banqueiros teriam influ\u00eancia sobre a taxa Selic, definida pelo Banco Central.<\/p>\n<p>Andr\u00e9 Esteves e Guilherme Paes afirmam que as declara\u00e7\u00f5es s\u00e3o inver\u00eddicas e que os v\u00eddeos teriam como objetivo gerar engajamento e ampliar a visibilidade p\u00fablica de Garotinho.<\/p>\n<p>Segundo os advogados do banco, al\u00e9m da ampla repercuss\u00e3o na imprensa, Garotinho foi formalmente notificado da decis\u00e3o judicial via WhatsApp no dia 14 de abril. Ainda assim, duas semanas depois, o conte\u00fado continua dispon\u00edvel nas plataformas digitais.<\/p>\n<p>O BTG solicitou que a Justi\u00e7a envie of\u00edcios diretamente \u00e0s plataformas para garantir a remo\u00e7\u00e3o das postagens.<\/p>\n<p>Com informa\u00e7\u00f5es da coluna do Lauro Jardim no jornal \u201cOglobo\u201d.\n<\/p><\/div>\n<p><\/a><\/p>\n<p>Fonte: temporealrj.com<\/p>\n","protected":false},"excerpt":{"rendered":"<p>O BTG Pactual acionou o Tribunal de Justi\u00e7a do Rio (TJRJ) para que seja aplicada multa ao ex-governador Anthony Garotinho (Republicanos) por descumprimento da decis\u00e3o judicial que determinou a exclus\u00e3o de v\u00eddeos com acusa\u00e7\u00f5es contra o banco e seus s\u00f3cios. A decis\u00e3o, proferida em 9 de abril, estabelecia prazo de 48 horas para remo\u00e7\u00e3o do [&hellip;]<\/p>\n","protected":false},"author":3,"featured_media":9593,"comment_status":"open","ping_status":"open","sticky":false,"template":"","format":"standard","meta":{"advanced_seo_description":"","jetpack_seo_html_title":"","jetpack_seo_noindex":false,"fifu_image_url":"https:\/\/temporealrj.com\/wp-content\/uploads\/2026\/04\/Captura-de-Tela-2026-04-08-as-10.32.58-e1777575171459.webp","fifu_image_alt":"","_jetpack_memberships_contains_paid_content":false,"footnotes":"","jetpack_publicize_message":"","jetpack_publicize_feature_enabled":true,"jetpack_social_post_already_shared":true,"jetpack_social_options":{"image_generator_settings":{"template":"highway","default_image_id":0,"font":"","enabled":false},"version":2}},"categories":[107],"tags":[],"class_list":{"0":"post-9592","1":"post","2":"type-post","3":"status-publish","4":"format-standard","5":"has-post-thumbnail","7":"category-economia"},"jetpack_publicize_connections":[],"jetpack_featured_media_url":"https:\/\/i0.wp.com\/temporealrj.com\/wp-content\/uploads\/2026\/04\/Captura-de-Tela-2026-04-08-as-10.32.58-e1777575171459.webp?fit=%2C&ssl=1","jetpack_sharing_enabled":true,"jetpack-related-posts":[],"_links":{"self":[{"href":"https:\/\/friburgonoticias.com.br\/temp\/wp-json\/wp\/v2\/posts\/9592","targetHints":{"allow":["GET"]}}],"collection":[{"href":"https:\/\/friburgonoticias.com.br\/temp\/wp-json\/wp\/v2\/posts"}],"about":[{"href":"https:\/\/friburgonoticias.com.br\/temp\/wp-json\/wp\/v2\/types\/post"}],"author":[{"embeddable":true,"href":"https:\/\/friburgonoticias.com.br\/temp\/wp-json\/wp\/v2\/users\/3"}],"replies":[{"embeddable":true,"href":"https:\/\/friburgonoticias.com.br\/temp\/wp-json\/wp\/v2\/comments?post=9592"}],"version-history":[{"count":0,"href":"https:\/\/friburgonoticias.com.br\/temp\/wp-json\/wp\/v2\/posts\/9592\/revisions"}],"wp:featuredmedia":[{"embeddable":true,"href":"https:\/\/friburgonoticias.com.br\/temp\/wp-json\/wp\/v2\/media\/9593"}],"wp:attachment":[{"href":"https:\/\/friburgonoticias.com.br\/temp\/wp-json\/wp\/v2\/media?parent=9592"}],"wp:term":[{"taxonomy":"category","embeddable":true,"href":"https:\/\/friburgonoticias.com.br\/temp\/wp-json\/wp\/v2\/categories?post=9592"},{"taxonomy":"post_tag","embeddable":true,"href":"https:\/\/friburgonoticias.com.br\/temp\/wp-json\/wp\/v2\/tags?post=9592"}],"curies":[{"name":"wp","href":"https:\/\/api.w.org\/{rel}","templated":true}]}}