{"id":9606,"date":"2026-05-01T14:16:24","date_gmt":"2026-05-01T14:16:24","guid":{"rendered":"https:\/\/friburgonoticias.com.br\/temp\/2026\/05\/01\/mp-abre-inquerito-contra-prefeito-de-casimiro-de-abreu-por-contratos-de-abastecimento-da-frota-oficial-da-prefeitura\/"},"modified":"2026-05-01T14:16:24","modified_gmt":"2026-05-01T14:16:24","slug":"mp-abre-inquerito-contra-prefeito-de-casimiro-de-abreu-por-contratos-de-abastecimento-da-frota-oficial-da-prefeitura","status":"publish","type":"post","link":"https:\/\/friburgonoticias.com.br\/temp\/2026\/05\/01\/mp-abre-inquerito-contra-prefeito-de-casimiro-de-abreu-por-contratos-de-abastecimento-da-frota-oficial-da-prefeitura\/","title":{"rendered":"MP abre inqu\u00e9rito contra prefeito de Casimiro de Abreu por contratos de abastecimento da frota oficial da prefeitura"},"content":{"rendered":"<p><\/p>\n<div itemprop=\"articleBody\">\nO<a href=\"https:\/\/www.mprj.mp.br\/visualizar?noticiaId=219703\" target=\"_blank\" rel=\"noopener\"> Minist\u00e9rio P\u00fablico do Rio (MPRJ) <\/a>instaurou, nesta quinta-feira (30), inqu\u00e9rito civil para investigar poss\u00edveis irregularidades na execu\u00e7\u00e3o de contratos de abastecimento da frota oficial de ve\u00edculos da <a href=\"https:\/\/temporealrj.com\/tce-licitacao-casimiro-de-abreu\/\">Prefeitura de Casimiro de Abreu, na Regi\u00e3o dos Lagos<\/a>. <\/p>\n<p>S\u00e3o investigados o prefeito Ramon Gidalte (PL) e o secret\u00e1rio municipal de Agricultura e Pesca, Alex Sandro Jardim Maurino.<\/p>\n<p>O processo apura ind\u00edcios de abastecimento de ve\u00edculos que n\u00e3o fariam mais parte do patrim\u00f4nio p\u00fablico municipal, al\u00e9m de poss\u00edvel uso indevido de credenciais de servidores no sistema PRIME, respons\u00e1vel pela gest\u00e3o do abastecimento da frota.<\/p>\n<p>A investiga\u00e7\u00e3o tamb\u00e9m aponta a concentra\u00e7\u00e3o expressiva de abastecimentos em postos localizados nos munic\u00edpios de Maca\u00e9 e Silva Jardim, nas regi\u00f5es Norte e dos Lagos do estado.\n<\/p><\/div>\n<p><\/a><\/p>\n<p>Fonte: temporealrj.com<\/p>\n","protected":false},"excerpt":{"rendered":"<p>O Minist\u00e9rio P\u00fablico do Rio (MPRJ) instaurou, nesta quinta-feira (30), inqu\u00e9rito civil para investigar poss\u00edveis irregularidades na execu\u00e7\u00e3o de contratos de abastecimento da frota oficial de ve\u00edculos da Prefeitura de Casimiro de Abreu, na Regi\u00e3o dos Lagos. S\u00e3o investigados o prefeito Ramon Gidalte (PL) e o secret\u00e1rio municipal de Agricultura e Pesca, Alex Sandro Jardim [&hellip;]<\/p>\n","protected":false},"author":3,"featured_media":9607,"comment_status":"open","ping_status":"open","sticky":false,"template":"","format":"standard","meta":{"advanced_seo_description":"","jetpack_seo_html_title":"","jetpack_seo_noindex":false,"fifu_image_url":"https:\/\/temporealrj.com\/wp-content\/uploads\/2026\/05\/Ramon-Gidalte-e1777643943256.webp","fifu_image_alt":"","_jetpack_memberships_contains_paid_content":false,"footnotes":"","jetpack_publicize_message":"","jetpack_publicize_feature_enabled":true,"jetpack_social_post_already_shared":true,"jetpack_social_options":{"image_generator_settings":{"template":"highway","default_image_id":0,"font":"","enabled":false},"version":2}},"categories":[106,1],"tags":[],"class_list":{"0":"post-9606","1":"post","2":"type-post","3":"status-publish","4":"format-standard","5":"has-post-thumbnail","7":"category-politica","8":"category-uncategorized"},"jetpack_publicize_connections":[],"jetpack_featured_media_url":"https:\/\/i0.wp.com\/temporealrj.com\/wp-content\/uploads\/2026\/05\/Ramon-Gidalte-e1777643943256.webp?fit=%2C&ssl=1","jetpack_sharing_enabled":true,"jetpack-related-posts":[],"_links":{"self":[{"href":"https:\/\/friburgonoticias.com.br\/temp\/wp-json\/wp\/v2\/posts\/9606","targetHints":{"allow":["GET"]}}],"collection":[{"href":"https:\/\/friburgonoticias.com.br\/temp\/wp-json\/wp\/v2\/posts"}],"about":[{"href":"https:\/\/friburgonoticias.com.br\/temp\/wp-json\/wp\/v2\/types\/post"}],"author":[{"embeddable":true,"href":"https:\/\/friburgonoticias.com.br\/temp\/wp-json\/wp\/v2\/users\/3"}],"replies":[{"embeddable":true,"href":"https:\/\/friburgonoticias.com.br\/temp\/wp-json\/wp\/v2\/comments?post=9606"}],"version-history":[{"count":0,"href":"https:\/\/friburgonoticias.com.br\/temp\/wp-json\/wp\/v2\/posts\/9606\/revisions"}],"wp:featuredmedia":[{"embeddable":true,"href":"https:\/\/friburgonoticias.com.br\/temp\/wp-json\/wp\/v2\/media\/9607"}],"wp:attachment":[{"href":"https:\/\/friburgonoticias.com.br\/temp\/wp-json\/wp\/v2\/media?parent=9606"}],"wp:term":[{"taxonomy":"category","embeddable":true,"href":"https:\/\/friburgonoticias.com.br\/temp\/wp-json\/wp\/v2\/categories?post=9606"},{"taxonomy":"post_tag","embeddable":true,"href":"https:\/\/friburgonoticias.com.br\/temp\/wp-json\/wp\/v2\/tags?post=9606"}],"curies":[{"name":"wp","href":"https:\/\/api.w.org\/{rel}","templated":true}]}}