{"id":9608,"date":"2026-05-01T18:07:21","date_gmt":"2026-05-01T18:07:21","guid":{"rendered":"https:\/\/friburgonoticias.com.br\/temp\/2026\/05\/01\/paes-faz-corpo-a-corpo-na-baixada-e-douglas-ruas-circula-pelo-centro-sul-fluminense\/"},"modified":"2026-05-01T18:07:21","modified_gmt":"2026-05-01T18:07:21","slug":"paes-faz-corpo-a-corpo-na-baixada-e-douglas-ruas-circula-pelo-centro-sul-fluminense","status":"publish","type":"post","link":"https:\/\/friburgonoticias.com.br\/temp\/2026\/05\/01\/paes-faz-corpo-a-corpo-na-baixada-e-douglas-ruas-circula-pelo-centro-sul-fluminense\/","title":{"rendered":"Paes faz corpo a corpo na Baixada, e Douglas Ruas circula pelo Centro-Sul Fluminense"},"content":{"rendered":"<p><\/p>\n<div itemprop=\"articleBody\">\nO feriado do Dia do Trabalhador, nesta sexta-feira (1\u00ba), foi tudo, menos descanso para os pr\u00e9-candidatos que miram a cadeira do Pal\u00e1cio Guanabara. Enquanto Eduardo Paes (PSD) fez uma maratona de agendas pela Baixada Fluminense, seu rival, Douglas Ruas (PL), seguiu rumo ao Centro-Sul Fluminense.<\/p>\n<p>O <a href=\"https:\/\/temporealrj.com\/claudio-castro-paes-familia-reis-caxias\/\">ex-prefeito do Rio se cercou de todos os irm\u00e3os Reis<\/a> em Xer\u00e9m, Duque de Caxias, onde o cl\u00e3 do MDB d\u00e1 as cartas h\u00e1 mais de duas d\u00e9cadas. Estiveram l\u00e1 a vice em sua chapa, Jane Reis; o presidente estadual da legenda, Washington Reis; e os deputados federal e estadual Gutemberg Reis e Rosenverg Reis.<\/p>\n<p>J\u00e1 Douglas, presidente da Assembleia Legislativa Alerj), <a href=\"https:\/\/temporealrj.com\/campanha-governo-rj-pausa-no-interior\/\">pegou a Rodovia Presidente Dutra (BR-116) e foi at\u00e9 Paty do Alferes<\/a>. Por l\u00e1, circulou ao lado do prefeito Dr. Julinho Juju (PL), um de seus principais aliados no interior, e tamb\u00e9m dos deputados estaduais do PL Anderson Moraes e Jorge Felippe Neto.\n<\/div>\n<p><\/a><\/p>\n<p>Fonte: temporealrj.com<\/p>\n","protected":false},"excerpt":{"rendered":"<p>O feriado do Dia do Trabalhador, nesta sexta-feira (1\u00ba), foi tudo, menos descanso para os pr\u00e9-candidatos que miram a cadeira do Pal\u00e1cio Guanabara. Enquanto Eduardo Paes (PSD) fez uma maratona de agendas pela Baixada Fluminense, seu rival, Douglas Ruas (PL), seguiu rumo ao Centro-Sul Fluminense. O ex-prefeito do Rio se cercou de todos os irm\u00e3os [&hellip;]<\/p>\n","protected":false},"author":3,"featured_media":9609,"comment_status":"open","ping_status":"open","sticky":false,"template":"","format":"standard","meta":{"advanced_seo_description":"","jetpack_seo_html_title":"","jetpack_seo_noindex":false,"fifu_image_url":"https:\/\/temporealrj.com\/wp-content\/uploads\/2026\/05\/Miniatura-do-YouTube-Antes-e-Depois-Edicao-de-Foto-Branco-e-Roxo-e1777657762476.png","fifu_image_alt":"","_jetpack_memberships_contains_paid_content":false,"footnotes":"","jetpack_publicize_message":"","jetpack_publicize_feature_enabled":true,"jetpack_social_post_already_shared":true,"jetpack_social_options":{"image_generator_settings":{"template":"highway","default_image_id":0,"font":"","enabled":false},"version":2}},"categories":[107],"tags":[],"class_list":{"0":"post-9608","1":"post","2":"type-post","3":"status-publish","4":"format-standard","5":"has-post-thumbnail","7":"category-economia"},"jetpack_publicize_connections":[],"jetpack_featured_media_url":"https:\/\/i0.wp.com\/temporealrj.com\/wp-content\/uploads\/2026\/05\/Miniatura-do-YouTube-Antes-e-Depois-Edicao-de-Foto-Branco-e-Roxo-e1777657762476.png?fit=%2C&ssl=1","jetpack_sharing_enabled":true,"jetpack-related-posts":[],"_links":{"self":[{"href":"https:\/\/friburgonoticias.com.br\/temp\/wp-json\/wp\/v2\/posts\/9608","targetHints":{"allow":["GET"]}}],"collection":[{"href":"https:\/\/friburgonoticias.com.br\/temp\/wp-json\/wp\/v2\/posts"}],"about":[{"href":"https:\/\/friburgonoticias.com.br\/temp\/wp-json\/wp\/v2\/types\/post"}],"author":[{"embeddable":true,"href":"https:\/\/friburgonoticias.com.br\/temp\/wp-json\/wp\/v2\/users\/3"}],"replies":[{"embeddable":true,"href":"https:\/\/friburgonoticias.com.br\/temp\/wp-json\/wp\/v2\/comments?post=9608"}],"version-history":[{"count":0,"href":"https:\/\/friburgonoticias.com.br\/temp\/wp-json\/wp\/v2\/posts\/9608\/revisions"}],"wp:featuredmedia":[{"embeddable":true,"href":"https:\/\/friburgonoticias.com.br\/temp\/wp-json\/wp\/v2\/media\/9609"}],"wp:attachment":[{"href":"https:\/\/friburgonoticias.com.br\/temp\/wp-json\/wp\/v2\/media?parent=9608"}],"wp:term":[{"taxonomy":"category","embeddable":true,"href":"https:\/\/friburgonoticias.com.br\/temp\/wp-json\/wp\/v2\/categories?post=9608"},{"taxonomy":"post_tag","embeddable":true,"href":"https:\/\/friburgonoticias.com.br\/temp\/wp-json\/wp\/v2\/tags?post=9608"}],"curies":[{"name":"wp","href":"https:\/\/api.w.org\/{rel}","templated":true}]}}