{"id":9618,"date":"2026-05-03T13:05:35","date_gmt":"2026-05-03T13:05:35","guid":{"rendered":"https:\/\/friburgonoticias.com.br\/temp\/2026\/05\/03\/buzios-esquenta-disputa-com-cabo-frio-para-retomar-maria-joaquina\/"},"modified":"2026-05-03T13:05:35","modified_gmt":"2026-05-03T13:05:35","slug":"buzios-esquenta-disputa-com-cabo-frio-para-retomar-maria-joaquina","status":"publish","type":"post","link":"https:\/\/friburgonoticias.com.br\/temp\/2026\/05\/03\/buzios-esquenta-disputa-com-cabo-frio-para-retomar-maria-joaquina\/","title":{"rendered":"B\u00fazios esquenta disputa com Cabo Frio para retomar Maria Joaquina"},"content":{"rendered":"<p><\/p>\n<div itemprop=\"articleBody\">\nA disputa territorial entre Arma\u00e7\u00e3o dos B\u00fazios e Cabo Frio voltou ao cerne do debate pol\u00edtico local. O que est\u00e1 em curso deixa de ser uma discuss\u00e3o abstrata sobre limites municipais e ganha contornos de articula\u00e7\u00e3o formal: B\u00fazios quer retomar o bairro de Maria Joaquina, na regi\u00e3o da Rasa \u2014 \u00e1rea hoje sob dom\u00ednio de Cabo Frio, mas que, na pr\u00e1tica, funciona como extens\u00e3o buziana.<\/p>\n<p>Na sess\u00e3o desta quinta (30) na C\u00e2mara de B\u00fazios, o vereador Anderson Chaves (Republicanos) apresentou duas indica\u00e7\u00f5es que acionam simultaneamente o governo do estado e a prefeitura para iniciar estudos sobre a redefini\u00e7\u00e3o territorial. A iniciativa se apoia na Lei Complementar Federal n\u00ba 230\/2026, que prev\u00ea etapas como an\u00e1lise de viabilidade e realiza\u00e7\u00e3o de plebiscito.<\/p>\n<p>O cen\u00e1rio do embate \u00e9 antigo. Maria Joaquina pertence oficialmente a Cabo Frio por decis\u00f5es judiciais que barraram altera\u00e7\u00f5es aprovadas na Alerj, mas a din\u00e2mica cotidiana aponta para outra dire\u00e7\u00e3o.<\/p>\n<p>Sem barreiras f\u00edsicas, o bairro mant\u00e9m integra\u00e7\u00e3o direta com B\u00fazios. Mais de dois mil moradores s\u00e3o atendidos pela rede de sa\u00fade buziana e cerca de 600 alunos estudam em escolas do munic\u00edpio vizinho. A rotina da popula\u00e7\u00e3o (trabalho, com\u00e9rcio e servi\u00e7os) gira em torno de B\u00fazios.<\/p>\n<div class=\"wp-block-image\">\n<figure class=\"aligncenter size-large\"><img loading=\"lazy\" decoding=\"async\" width=\"1024\" height=\"576\" src=\"https:\/\/temporealrj.com\/wp-content\/uploads\/2026\/04\/joaquina2-1024x576.jpg\" alt=\"joaquina2\" class=\"wp-image-132082\" title=\"B\u00fazios esquenta disputa com Cabo Frio para retomar Maria Joaquina 62\" srcset=\"https:\/\/temporealrj.com\/wp-content\/uploads\/2026\/04\/joaquina2-1024x576.jpg 1024w, https:\/\/temporealrj.com\/wp-content\/uploads\/2026\/04\/joaquina2-300x169.jpg 300w, https:\/\/temporealrj.com\/wp-content\/uploads\/2026\/04\/joaquina2-768x432.jpg 768w, https:\/\/temporealrj.com\/wp-content\/uploads\/2026\/04\/joaquina2-860x484.jpg 860w, https:\/\/temporealrj.com\/wp-content\/uploads\/2026\/04\/joaquina2.jpg 1280w\" sizes=\"auto, (max-width: 1024px) 100vw, 1024px\"\/><figcaption class=\"wp-element-caption\">Mapa indica a \u00e1rea de Maria Joaquina e a divisa proposta por Arma\u00e7\u00e3o dos B\u00fazios em disputa com Cabo Frio \u2014 Foto: Reprodu\u00e7\u00e3o\/Google Maps<\/figcaption><\/figure>\n<\/div>\n<p>A discuss\u00e3o tamb\u00e9m ganha dimens\u00e3o ambiental: durante audi\u00eancia p\u00fablica realizada na noite da \u00faltima quarta (29), especialistas e autoridades apontaram o agravamento da situa\u00e7\u00e3o do Rio Una, que corta a regi\u00e3o. <\/p>\n<p>Dados apresentados indicam aumento da demanda bioqu\u00edmica de oxig\u00eanio (DBO), sinal de deteriora\u00e7\u00e3o da qualidade da \u00e1gua. T\u00e9cnicos alertaram que o rio j\u00e1 n\u00e3o teria capacidade para receber novas cargas de efluentes, enquanto moradores e comunidades tradicionais relatam impactos diretos na atividade pesqueira e na subsist\u00eancia local.<\/p>\n<p>O tema amplia o alcance da disputa ao conectar a defini\u00e7\u00e3o de limites administrativos \u00e0 gest\u00e3o ambiental e ao uso dos recursos h\u00eddricos.<\/p>\n<p>Esse descompasso entre mapa e realidade sustenta a press\u00e3o pol\u00edtica. Moradores relatam sensa\u00e7\u00e3o de abandono por parte da Prefeitura de Cabo Frio e apontam que o interesse do munic\u00edpio na \u00e1rea estaria ligado principalmente \u00e0 arrecada\u00e7\u00e3o de royalties. A identidade local tamb\u00e9m pesa: boa parte da popula\u00e7\u00e3o se reconhece como buziana.<\/p>\n<p>Chaves usa esse cen\u00e1rio como base para sua argumenta\u00e7\u00e3o. Segundo o vereador, B\u00fazios j\u00e1 absorve a demanda por servi\u00e7os p\u00fablicos sem a correspondente compensa\u00e7\u00e3o financeira. O vereador defende que o debate avance com base em tr\u00eas eixos: justi\u00e7a fiscal, efici\u00eancia administrativa e reorganiza\u00e7\u00e3o territorial.<\/p>\n<p>A proposta envolve o governo do estado, a Alerj e o <a href=\"https:\/\/www.tre-rj.jus.br\/\" target=\"_blank\" rel=\"noopener\">Tribunal Regional Eleitoral<\/a>, ampliando o alcance da discuss\u00e3o e recolocando a disputa no radar regional.\n<\/div>\n<p><\/a><\/p>\n<p>Fonte: temporealrj.com<\/p>\n","protected":false},"excerpt":{"rendered":"<p>A disputa territorial entre Arma\u00e7\u00e3o dos B\u00fazios e Cabo Frio voltou ao cerne do debate pol\u00edtico local. O que est\u00e1 em curso deixa de ser uma discuss\u00e3o abstrata sobre limites municipais e ganha contornos de articula\u00e7\u00e3o formal: B\u00fazios quer retomar o bairro de Maria Joaquina, na regi\u00e3o da Rasa \u2014 \u00e1rea hoje sob dom\u00ednio de [&hellip;]<\/p>\n","protected":false},"author":3,"featured_media":9619,"comment_status":"open","ping_status":"open","sticky":false,"template":"","format":"standard","meta":{"advanced_seo_description":"","jetpack_seo_html_title":"","jetpack_seo_noindex":false,"fifu_image_url":"https:\/\/temporealrj.com\/wp-content\/uploads\/2026\/04\/joaquina-e1777584769638.jpg","fifu_image_alt":"","_jetpack_memberships_contains_paid_content":false,"footnotes":"","jetpack_publicize_message":"","jetpack_publicize_feature_enabled":true,"jetpack_social_post_already_shared":true,"jetpack_social_options":{"image_generator_settings":{"template":"highway","default_image_id":0,"font":"","enabled":false},"version":2}},"categories":[107],"tags":[],"class_list":{"0":"post-9618","1":"post","2":"type-post","3":"status-publish","4":"format-standard","5":"has-post-thumbnail","7":"category-economia"},"jetpack_publicize_connections":[],"jetpack_featured_media_url":"https:\/\/i0.wp.com\/temporealrj.com\/wp-content\/uploads\/2026\/04\/joaquina-e1777584769638.jpg?fit=%2C&ssl=1","jetpack_sharing_enabled":true,"jetpack-related-posts":[],"_links":{"self":[{"href":"https:\/\/friburgonoticias.com.br\/temp\/wp-json\/wp\/v2\/posts\/9618","targetHints":{"allow":["GET"]}}],"collection":[{"href":"https:\/\/friburgonoticias.com.br\/temp\/wp-json\/wp\/v2\/posts"}],"about":[{"href":"https:\/\/friburgonoticias.com.br\/temp\/wp-json\/wp\/v2\/types\/post"}],"author":[{"embeddable":true,"href":"https:\/\/friburgonoticias.com.br\/temp\/wp-json\/wp\/v2\/users\/3"}],"replies":[{"embeddable":true,"href":"https:\/\/friburgonoticias.com.br\/temp\/wp-json\/wp\/v2\/comments?post=9618"}],"version-history":[{"count":0,"href":"https:\/\/friburgonoticias.com.br\/temp\/wp-json\/wp\/v2\/posts\/9618\/revisions"}],"wp:featuredmedia":[{"embeddable":true,"href":"https:\/\/friburgonoticias.com.br\/temp\/wp-json\/wp\/v2\/media\/9619"}],"wp:attachment":[{"href":"https:\/\/friburgonoticias.com.br\/temp\/wp-json\/wp\/v2\/media?parent=9618"}],"wp:term":[{"taxonomy":"category","embeddable":true,"href":"https:\/\/friburgonoticias.com.br\/temp\/wp-json\/wp\/v2\/categories?post=9618"},{"taxonomy":"post_tag","embeddable":true,"href":"https:\/\/friburgonoticias.com.br\/temp\/wp-json\/wp\/v2\/tags?post=9618"}],"curies":[{"name":"wp","href":"https:\/\/api.w.org\/{rel}","templated":true}]}}