{"id":9620,"date":"2026-05-03T14:05:48","date_gmt":"2026-05-03T14:05:48","guid":{"rendered":"https:\/\/friburgonoticias.com.br\/temp\/2026\/05\/03\/niteroi-pretende-transformar-83-favelas-em-bairros-oficiais-projeto-tem-investimento-estimado-em-146-milhoes-de-dolares\/"},"modified":"2026-05-03T14:05:48","modified_gmt":"2026-05-03T14:05:48","slug":"niteroi-pretende-transformar-83-favelas-em-bairros-oficiais-projeto-tem-investimento-estimado-em-146-milhoes-de-dolares","status":"publish","type":"post","link":"https:\/\/friburgonoticias.com.br\/temp\/2026\/05\/03\/niteroi-pretende-transformar-83-favelas-em-bairros-oficiais-projeto-tem-investimento-estimado-em-146-milhoes-de-dolares\/","title":{"rendered":"Niter\u00f3i pretende transformar 83 favelas em bairros oficiais; projeto tem investimento estimado em 146 milh\u00f5es de d\u00f3lares"},"content":{"rendered":"<p><\/p>\n<div itemprop=\"articleBody\">\nA <a href=\"https:\/\/temporealrj.com\/niteroi-acessivel-municipio-conquista-premio-internacional-de-acessibilidade-turistica\/\">Prefeitura de Niter\u00f3i<\/a> anunciou que vai iniciar, no segundo semestre deste ano, um programa para transformar, de forma gradual, as 83 favelas no munic\u00edpio em bairros oficiais. O projeto conta com financiamento do Banco Interamericano de Desenvolvimento (BID) e deve contar com um investimento total de 146,4 milh\u00f5es de d\u00f3lares.<\/p>\n<p>O valor \u00e9 composto por um empr\u00e9stimo do BID com garantia da Uni\u00e3o e contrapartida do tesouro municipal.<\/p>\n<p>A primeira etapa do cronograma prev\u00ea a transforma\u00e7\u00e3o em 15 comunidades, com interven\u00e7\u00f5es imediatas em seis delas: Vila Ipiranga, Boa Vista, Pau Ferro, Morro do Estado, Morro da Penha e Cani\u00e7al. O programa foi batizado pela prefeitura de \u201c<a href=\"https:\/\/temporealrj.com\/cau-favelas-niteroi\/\">Vida Nova no Morro<\/a>\u201d e faz parte do plano estrat\u00e9gico municipal \u201cNiter\u00f3i que Queremos 2025-2050\u201d, que inclui a\u00e7\u00f5es de requalifica\u00e7\u00e3o a longo prazo na cidade.<\/p>\n<h2 class=\"wp-block-heading\">Projeto prev\u00ea obras nas casas de moradores de favelas em Niter\u00f3i<\/h2>\n<p>Segundo a Prefeitura de Niter\u00f3i, a iniciativa prev\u00ea tanto obras de saneamento, drenagem e ilumina\u00e7\u00e3o nas ruas das favelas como melhorias diretas nos im\u00f3veis dos moradores, como instala\u00e7\u00e3o de banheiros, reboco e solu\u00e7\u00f5es para ventila\u00e7\u00e3o e umidade.<\/p>\n<p>Outro objetivo do programa \u00e9 integrar as Zonas Especiais de Interesse Social (Zeis) \u2014 \u00e1reas demarcadas de habita\u00e7\u00e3o de baixa renda \u2014 \u00e0 malha urbana formal da cidade, de maneira que facilite o acesso dos moradores a servi\u00e7os p\u00fablicos. Segundo a prefeitura, todo o programa prev\u00ea medidas para mitiga\u00e7\u00e3o de riscos clim\u00e1ticos e estruturais em \u00e1reas de encosta.<\/p>\n<p>Al\u00e9m do investimento, a parceria com o BID tamb\u00e9m prev\u00ea acompanhamento especializado nas a\u00e7\u00f5es em Niter\u00f3i. A atua\u00e7\u00e3o do banco internacional vai se basear em outras experi\u00eancias de a\u00e7\u00e3o em \u00e1reas urbanas de outros pa\u00edses. A fase inicial do projeto tem previs\u00e3o de durar seis anos.<\/p>\n<p><em>Com informa\u00e7\u00f5es do jornal \u201cO Globo\u201d.<\/em>\n<\/div>\n<p><\/a><\/p>\n<p>Fonte: temporealrj.com<\/p>\n","protected":false},"excerpt":{"rendered":"<p>A Prefeitura de Niter\u00f3i anunciou que vai iniciar, no segundo semestre deste ano, um programa para transformar, de forma gradual, as 83 favelas no munic\u00edpio em bairros oficiais. O projeto conta com financiamento do Banco Interamericano de Desenvolvimento (BID) e deve contar com um investimento total de 146,4 milh\u00f5es de d\u00f3lares. O valor \u00e9 composto [&hellip;]<\/p>\n","protected":false},"author":3,"featured_media":9621,"comment_status":"open","ping_status":"open","sticky":false,"template":"","format":"standard","meta":{"advanced_seo_description":"","jetpack_seo_html_title":"","jetpack_seo_noindex":false,"fifu_image_url":"https:\/\/temporealrj.com\/wp-content\/uploads\/2026\/05\/Vila-Ipiranga-comunidade-em-Niteroi-e1777816523476.jpeg","fifu_image_alt":"","_jetpack_memberships_contains_paid_content":false,"footnotes":"","jetpack_publicize_message":"","jetpack_publicize_feature_enabled":true,"jetpack_social_post_already_shared":true,"jetpack_social_options":{"image_generator_settings":{"template":"highway","default_image_id":0,"font":"","enabled":false},"version":2}},"categories":[106,1],"tags":[],"class_list":{"0":"post-9620","1":"post","2":"type-post","3":"status-publish","4":"format-standard","5":"has-post-thumbnail","7":"category-politica","8":"category-uncategorized"},"jetpack_publicize_connections":[],"jetpack_featured_media_url":"https:\/\/i0.wp.com\/temporealrj.com\/wp-content\/uploads\/2026\/05\/Vila-Ipiranga-comunidade-em-Niteroi-e1777816523476.jpeg?fit=%2C&ssl=1","jetpack_sharing_enabled":true,"jetpack-related-posts":[],"_links":{"self":[{"href":"https:\/\/friburgonoticias.com.br\/temp\/wp-json\/wp\/v2\/posts\/9620","targetHints":{"allow":["GET"]}}],"collection":[{"href":"https:\/\/friburgonoticias.com.br\/temp\/wp-json\/wp\/v2\/posts"}],"about":[{"href":"https:\/\/friburgonoticias.com.br\/temp\/wp-json\/wp\/v2\/types\/post"}],"author":[{"embeddable":true,"href":"https:\/\/friburgonoticias.com.br\/temp\/wp-json\/wp\/v2\/users\/3"}],"replies":[{"embeddable":true,"href":"https:\/\/friburgonoticias.com.br\/temp\/wp-json\/wp\/v2\/comments?post=9620"}],"version-history":[{"count":0,"href":"https:\/\/friburgonoticias.com.br\/temp\/wp-json\/wp\/v2\/posts\/9620\/revisions"}],"wp:featuredmedia":[{"embeddable":true,"href":"https:\/\/friburgonoticias.com.br\/temp\/wp-json\/wp\/v2\/media\/9621"}],"wp:attachment":[{"href":"https:\/\/friburgonoticias.com.br\/temp\/wp-json\/wp\/v2\/media?parent=9620"}],"wp:term":[{"taxonomy":"category","embeddable":true,"href":"https:\/\/friburgonoticias.com.br\/temp\/wp-json\/wp\/v2\/categories?post=9620"},{"taxonomy":"post_tag","embeddable":true,"href":"https:\/\/friburgonoticias.com.br\/temp\/wp-json\/wp\/v2\/tags?post=9620"}],"curies":[{"name":"wp","href":"https:\/\/api.w.org\/{rel}","templated":true}]}}